{"id":889,"date":"2021-12-06T15:28:49","date_gmt":"2021-12-06T15:28:49","guid":{"rendered":"https:\/\/zszs.walbrzych.pl\/zszs.walbrzych.pl\/?p=889"},"modified":"2021-12-22T15:42:04","modified_gmt":"2021-12-22T15:42:04","slug":"mam-eko-pomysl","status":"publish","type":"post","link":"https:\/\/zszs.walbrzych.pl\/zszs.walbrzych.pl\/2021\/12\/06\/mam-eko-pomysl\/","title":{"rendered":"\u201eMam eko-pomys\u0142!\u201d -III miejsce w konkursie ."},"content":{"rendered":"<p>Bardzo mi\u0142o nam poinformowa\u0107\u00a0 , \u017ce uczennica naszej szko\u0142y Kamila B, zdoby\u0142a 3 miejsce w konkursie &#8221; Mam eko-pomys\u0142&#8221;.<\/p>\n<p>Celem konkursu by\u0142o propagowanie tematyki zwi\u0105zanej z ochron\u0105 \u015brodowiska oraz dzia\u0142a\u0144 proekologicznych w\u015br\u00f3d dzieci i m\u0142odzie\u017cy oraz zaprezentowanie kreatywne i realne pomys\u0142y na ograniczenie zanieczyszczenia \u015brodowiska w formie eseju.<\/p>\n<p>Serdecznie gratulujemy!<\/p>\n<p>Opiekunami konkursu by\u0142y: p. Izabela Janiszewska oraz p. Agnieszka P\u0142oska.<\/p>\n<p><img loading=\"lazy\" decoding=\"async\" class=\"alignnone size-medium wp-image-894\" src=\"https:\/\/zszs.walbrzych.pl\/zszs.walbrzych.pl\/wp-content\/uploads\/2021\/12\/gratulacje-300x177.png\" alt=\"\" width=\"300\" height=\"177\" srcset=\"https:\/\/zszs.walbrzych.pl\/zszs.walbrzych.pl\/wp-content\/uploads\/2021\/12\/gratulacje-300x177.png 300w, https:\/\/zszs.walbrzych.pl\/zszs.walbrzych.pl\/wp-content\/uploads\/2021\/12\/gratulacje.png 508w\" sizes=\"auto, (max-width: 300px) 100vw, 300px\" \/>\u00a0 \u00a0 \u00a0 <img loading=\"lazy\" decoding=\"async\" class=\"alignnone size-medium wp-image-895\" src=\"https:\/\/zszs.walbrzych.pl\/zszs.walbrzych.pl\/wp-content\/uploads\/2021\/12\/268863992_5198891140140380_9175054055085859697_n-1-300x169.jpg\" alt=\"\" width=\"300\" height=\"169\" srcset=\"https:\/\/zszs.walbrzych.pl\/zszs.walbrzych.pl\/wp-content\/uploads\/2021\/12\/268863992_5198891140140380_9175054055085859697_n-1-300x169.jpg 300w, https:\/\/zszs.walbrzych.pl\/zszs.walbrzych.pl\/wp-content\/uploads\/2021\/12\/268863992_5198891140140380_9175054055085859697_n-1-1024x576.jpg 1024w, https:\/\/zszs.walbrzych.pl\/zszs.walbrzych.pl\/wp-content\/uploads\/2021\/12\/268863992_5198891140140380_9175054055085859697_n-1-768x432.jpg 768w, https:\/\/zszs.walbrzych.pl\/zszs.walbrzych.pl\/wp-content\/uploads\/2021\/12\/268863992_5198891140140380_9175054055085859697_n-1-1536x864.jpg 1536w, https:\/\/zszs.walbrzych.pl\/zszs.walbrzych.pl\/wp-content\/uploads\/2021\/12\/268863992_5198891140140380_9175054055085859697_n-1-1080x608.jpg 1080w, https:\/\/zszs.walbrzych.pl\/zszs.walbrzych.pl\/wp-content\/uploads\/2021\/12\/268863992_5198891140140380_9175054055085859697_n-1.jpg 1919w\" sizes=\"auto, (max-width: 300px) 100vw, 300px\" \/>\u00a0 \u00a0 \u00a0 \u00a0 \u00a0 \u00a0<img loading=\"lazy\" decoding=\"async\" class=\"alignnone size-medium wp-image-891\" src=\"https:\/\/zszs.walbrzych.pl\/zszs.walbrzych.pl\/wp-content\/uploads\/2021\/12\/268997066_447555623661274_4099046620505537048_n-225x300.jpg\" alt=\"\" width=\"225\" height=\"300\" srcset=\"https:\/\/zszs.walbrzych.pl\/zszs.walbrzych.pl\/wp-content\/uploads\/2021\/12\/268997066_447555623661274_4099046620505537048_n-225x300.jpg 225w, https:\/\/zszs.walbrzych.pl\/zszs.walbrzych.pl\/wp-content\/uploads\/2021\/12\/268997066_447555623661274_4099046620505537048_n-768x1024.jpg 768w, https:\/\/zszs.walbrzych.pl\/zszs.walbrzych.pl\/wp-content\/uploads\/2021\/12\/268997066_447555623661274_4099046620505537048_n-1152x1536.jpg 1152w, https:\/\/zszs.walbrzych.pl\/zszs.walbrzych.pl\/wp-content\/uploads\/2021\/12\/268997066_447555623661274_4099046620505537048_n-1080x1440.jpg 1080w, https:\/\/zszs.walbrzych.pl\/zszs.walbrzych.pl\/wp-content\/uploads\/2021\/12\/268997066_447555623661274_4099046620505537048_n.jpg 1536w\" sizes=\"auto, (max-width: 225px) 100vw, 225px\" \/> <img loading=\"lazy\" decoding=\"async\" class=\"alignnone size-medium wp-image-893\" src=\"https:\/\/zszs.walbrzych.pl\/zszs.walbrzych.pl\/wp-content\/uploads\/2021\/12\/268990210_499167278038500_2069351679509725825_n-225x300.jpg\" alt=\"\" width=\"225\" height=\"300\" srcset=\"https:\/\/zszs.walbrzych.pl\/zszs.walbrzych.pl\/wp-content\/uploads\/2021\/12\/268990210_499167278038500_2069351679509725825_n-225x300.jpg 225w, https:\/\/zszs.walbrzych.pl\/zszs.walbrzych.pl\/wp-content\/uploads\/2021\/12\/268990210_499167278038500_2069351679509725825_n.jpg 768w\" sizes=\"auto, (max-width: 225px) 100vw, 225px\" \/><\/p>\n","protected":false},"excerpt":{"rendered":"<p>Bardzo mi\u0142o nam poinformowa\u0107\u00a0 , \u017ce uczennica naszej szko\u0142y Kamila B, zdoby\u0142a 3 miejsce w konkursie &#8221; Mam eko-pomys\u0142&#8221;. Celem konkursu by\u0142o propagowanie tematyki zwi\u0105zanej z ochron\u0105 \u015brodowiska oraz dzia\u0142a\u0144 proekologicznych w\u015br\u00f3d dzieci i m\u0142odzie\u017cy oraz zaprezentowanie kreatywne i realne pomys\u0142y na ograniczenie zanieczyszczenia \u015brodowiska w formie eseju. Serdecznie gratulujemy! Opiekunami konkursu by\u0142y: p. Izabela [&hellip;]<\/p>\n","protected":false},"author":2,"featured_media":0,"comment_status":"closed","ping_status":"closed","sticky":false,"template":"","format":"standard","meta":{"footnotes":""},"categories":[10,11,12,9,13,1],"tags":[],"class_list":["post-889","post","type-post","status-publish","format-standard","hentry","category-dla-rodzicow","category-dla-uczniow","category-galeria","category-news","category-o-szkole","category-uncategorized"],"_links":{"self":[{"href":"https:\/\/zszs.walbrzych.pl\/zszs.walbrzych.pl\/wp-json\/wp\/v2\/posts\/889","targetHints":{"allow":["GET"]}}],"collection":[{"href":"https:\/\/zszs.walbrzych.pl\/zszs.walbrzych.pl\/wp-json\/wp\/v2\/posts"}],"about":[{"href":"https:\/\/zszs.walbrzych.pl\/zszs.walbrzych.pl\/wp-json\/wp\/v2\/types\/post"}],"author":[{"embeddable":true,"href":"https:\/\/zszs.walbrzych.pl\/zszs.walbrzych.pl\/wp-json\/wp\/v2\/users\/2"}],"replies":[{"embeddable":true,"href":"https:\/\/zszs.walbrzych.pl\/zszs.walbrzych.pl\/wp-json\/wp\/v2\/comments?post=889"}],"version-history":[{"count":2,"href":"https:\/\/zszs.walbrzych.pl\/zszs.walbrzych.pl\/wp-json\/wp\/v2\/posts\/889\/revisions"}],"predecessor-version":[{"id":897,"href":"https:\/\/zszs.walbrzych.pl\/zszs.walbrzych.pl\/wp-json\/wp\/v2\/posts\/889\/revisions\/897"}],"wp:attachment":[{"href":"https:\/\/zszs.walbrzych.pl\/zszs.walbrzych.pl\/wp-json\/wp\/v2\/media?parent=889"}],"wp:term":[{"taxonomy":"category","embeddable":true,"href":"https:\/\/zszs.walbrzych.pl\/zszs.walbrzych.pl\/wp-json\/wp\/v2\/categories?post=889"},{"taxonomy":"post_tag","embeddable":true,"href":"https:\/\/zszs.walbrzych.pl\/zszs.walbrzych.pl\/wp-json\/wp\/v2\/tags?post=889"}],"curies":[{"name":"wp","href":"https:\/\/api.w.org\/{rel}","templated":true}]}}