{"id":879,"date":"2021-12-02T14:54:21","date_gmt":"2021-12-02T14:54:21","guid":{"rendered":"https:\/\/zszs.walbrzych.pl\/zszs.walbrzych.pl\/?p=879"},"modified":"2021-12-22T15:06:27","modified_gmt":"2021-12-22T15:06:27","slug":"integracyjna-biesiada-jesienna-2021%f0%9f%8e%88%f0%9f%8e%88%f0%9f%8e%88%f0%9f%8e%88%f0%9f%8e%88","status":"publish","type":"post","link":"https:\/\/zszs.walbrzych.pl\/zszs.walbrzych.pl\/2021\/12\/02\/integracyjna-biesiada-jesienna-2021%f0%9f%8e%88%f0%9f%8e%88%f0%9f%8e%88%f0%9f%8e%88%f0%9f%8e%88\/","title":{"rendered":"Integracyjna Biesiada Jesienna 2021\ud83c\udf88\ud83c\udf88\ud83c\udf88\ud83c\udf88\ud83c\udf88"},"content":{"rendered":"<p>Nasz\u0105 tradycj\u0105 od kilku lat jest Integracyjna Besiada Jesienna. R\u00f3wnie\u017c w tym roku ,jednak ze wzgl\u0119du na pandemi\u0119 w nieco mniejszym gronie bawili\u015bmy si\u0119 z zaproszonymi go\u015b\u0107mi przy biesiadnym wirtualnym stole.<\/p>\n<p>\u201eNowa rzeczywisto\u015b\u0107 otwiera przed nami nowe mo\u017cliwo\u015bci, scena jest wsz\u0119dzie, a gwiazd\u0105 muzyki mo\u017ce sta\u0107 si\u0119 ka\u017cdy\u201d.<\/p>\n<p>osoba odpowiedzialna -Izabela Janiszewska<\/p>\n<p><img loading=\"lazy\" decoding=\"async\" class=\"alignnone size-medium wp-image-880\" src=\"https:\/\/zszs.walbrzych.pl\/zszs.walbrzych.pl\/wp-content\/uploads\/2021\/12\/267905485_986651741886582_5530668160749235240_n-300x225.jpg\" alt=\"\" width=\"300\" height=\"225\" srcset=\"https:\/\/zszs.walbrzych.pl\/zszs.walbrzych.pl\/wp-content\/uploads\/2021\/12\/267905485_986651741886582_5530668160749235240_n-300x225.jpg 300w, https:\/\/zszs.walbrzych.pl\/zszs.walbrzych.pl\/wp-content\/uploads\/2021\/12\/267905485_986651741886582_5530668160749235240_n-768x576.jpg 768w, https:\/\/zszs.walbrzych.pl\/zszs.walbrzych.pl\/wp-content\/uploads\/2021\/12\/267905485_986651741886582_5530668160749235240_n-510x382.jpg 510w, https:\/\/zszs.walbrzych.pl\/zszs.walbrzych.pl\/wp-content\/uploads\/2021\/12\/267905485_986651741886582_5530668160749235240_n.jpg 960w\" sizes=\"auto, (max-width: 300px) 100vw, 300px\" \/> <img loading=\"lazy\" decoding=\"async\" class=\"alignnone size-medium wp-image-881\" src=\"https:\/\/zszs.walbrzych.pl\/zszs.walbrzych.pl\/wp-content\/uploads\/2021\/12\/267780081_956714224934213_906684682904360482_n-300x225.jpg\" alt=\"\" width=\"300\" height=\"225\" srcset=\"https:\/\/zszs.walbrzych.pl\/zszs.walbrzych.pl\/wp-content\/uploads\/2021\/12\/267780081_956714224934213_906684682904360482_n-300x225.jpg 300w, https:\/\/zszs.walbrzych.pl\/zszs.walbrzych.pl\/wp-content\/uploads\/2021\/12\/267780081_956714224934213_906684682904360482_n-768x576.jpg 768w, https:\/\/zszs.walbrzych.pl\/zszs.walbrzych.pl\/wp-content\/uploads\/2021\/12\/267780081_956714224934213_906684682904360482_n-510x382.jpg 510w, https:\/\/zszs.walbrzych.pl\/zszs.walbrzych.pl\/wp-content\/uploads\/2021\/12\/267780081_956714224934213_906684682904360482_n.jpg 960w\" sizes=\"auto, (max-width: 300px) 100vw, 300px\" \/><\/p>\n<div style=\"width: 640px;\" class=\"wp-video\"><video class=\"wp-video-shortcode\" id=\"video-879-1\" width=\"640\" height=\"352\" preload=\"metadata\" controls=\"controls\"><source type=\"video\/mp4\" src=\"https:\/\/zszs.walbrzych.pl\/zszs.walbrzych.pl\/wp-content\/uploads\/2021\/12\/video-1640184528.mp4?_=1\" \/><a href=\"https:\/\/zszs.walbrzych.pl\/zszs.walbrzych.pl\/wp-content\/uploads\/2021\/12\/video-1640184528.mp4\">https:\/\/zszs.walbrzych.pl\/zszs.walbrzych.pl\/wp-content\/uploads\/2021\/12\/video-1640184528.mp4<\/a><\/video><\/div>\n<div style=\"width: 640px;\" class=\"wp-video\"><video class=\"wp-video-shortcode\" id=\"video-879-2\" width=\"640\" height=\"352\" preload=\"metadata\" controls=\"controls\"><source type=\"video\/mp4\" src=\"https:\/\/zszs.walbrzych.pl\/zszs.walbrzych.pl\/wp-content\/uploads\/2021\/12\/video-1640184695.mp4?_=2\" \/><a href=\"https:\/\/zszs.walbrzych.pl\/zszs.walbrzych.pl\/wp-content\/uploads\/2021\/12\/video-1640184695.mp4\">https:\/\/zszs.walbrzych.pl\/zszs.walbrzych.pl\/wp-content\/uploads\/2021\/12\/video-1640184695.mp4<\/a><\/video><\/div>\n<div style=\"width: 352px;\" class=\"wp-video\"><video class=\"wp-video-shortcode\" id=\"video-879-3\" width=\"352\" height=\"640\" preload=\"metadata\" controls=\"controls\"><source type=\"video\/mp4\" src=\"https:\/\/zszs.walbrzych.pl\/zszs.walbrzych.pl\/wp-content\/uploads\/2021\/12\/video-1640184478.mp4?_=3\" \/><a href=\"https:\/\/zszs.walbrzych.pl\/zszs.walbrzych.pl\/wp-content\/uploads\/2021\/12\/video-1640184478.mp4\">https:\/\/zszs.walbrzych.pl\/zszs.walbrzych.pl\/wp-content\/uploads\/2021\/12\/video-1640184478.mp4<\/a><\/video><\/div>\n<p>&nbsp;<\/p>\n","protected":false},"excerpt":{"rendered":"<p>Nasz\u0105 tradycj\u0105 od kilku lat jest Integracyjna Besiada Jesienna. R\u00f3wnie\u017c w tym roku ,jednak ze wzgl\u0119du na pandemi\u0119 w nieco mniejszym gronie bawili\u015bmy si\u0119 z zaproszonymi go\u015b\u0107mi przy biesiadnym wirtualnym stole. \u201eNowa rzeczywisto\u015b\u0107 otwiera przed nami nowe mo\u017cliwo\u015bci, scena jest wsz\u0119dzie, a gwiazd\u0105 muzyki mo\u017ce sta\u0107 si\u0119 ka\u017cdy\u201d. osoba odpowiedzialna -Izabela Janiszewska &nbsp;<\/p>\n","protected":false},"author":2,"featured_media":0,"comment_status":"closed","ping_status":"closed","sticky":false,"template":"","format":"standard","meta":{"footnotes":""},"categories":[10,11,12,9,13,1],"tags":[],"class_list":["post-879","post","type-post","status-publish","format-standard","hentry","category-dla-rodzicow","category-dla-uczniow","category-galeria","category-news","category-o-szkole","category-uncategorized"],"_links":{"self":[{"href":"https:\/\/zszs.walbrzych.pl\/zszs.walbrzych.pl\/wp-json\/wp\/v2\/posts\/879","targetHints":{"allow":["GET"]}}],"collection":[{"href":"https:\/\/zszs.walbrzych.pl\/zszs.walbrzych.pl\/wp-json\/wp\/v2\/posts"}],"about":[{"href":"https:\/\/zszs.walbrzych.pl\/zszs.walbrzych.pl\/wp-json\/wp\/v2\/types\/post"}],"author":[{"embeddable":true,"href":"https:\/\/zszs.walbrzych.pl\/zszs.walbrzych.pl\/wp-json\/wp\/v2\/users\/2"}],"replies":[{"embeddable":true,"href":"https:\/\/zszs.walbrzych.pl\/zszs.walbrzych.pl\/wp-json\/wp\/v2\/comments?post=879"}],"version-history":[{"count":1,"href":"https:\/\/zszs.walbrzych.pl\/zszs.walbrzych.pl\/wp-json\/wp\/v2\/posts\/879\/revisions"}],"predecessor-version":[{"id":885,"href":"https:\/\/zszs.walbrzych.pl\/zszs.walbrzych.pl\/wp-json\/wp\/v2\/posts\/879\/revisions\/885"}],"wp:attachment":[{"href":"https:\/\/zszs.walbrzych.pl\/zszs.walbrzych.pl\/wp-json\/wp\/v2\/media?parent=879"}],"wp:term":[{"taxonomy":"category","embeddable":true,"href":"https:\/\/zszs.walbrzych.pl\/zszs.walbrzych.pl\/wp-json\/wp\/v2\/categories?post=879"},{"taxonomy":"post_tag","embeddable":true,"href":"https:\/\/zszs.walbrzych.pl\/zszs.walbrzych.pl\/wp-json\/wp\/v2\/tags?post=879"}],"curies":[{"name":"wp","href":"https:\/\/api.w.org\/{rel}","templated":true}]}}