{"id":871,"date":"2021-12-06T10:21:24","date_gmt":"2021-12-06T10:21:24","guid":{"rendered":"https:\/\/zszs.walbrzych.pl\/zszs.walbrzych.pl\/?p=871"},"modified":"2021-12-07T10:32:00","modified_gmt":"2021-12-07T10:32:00","slug":"szkoladohymnu-%f0%9f%a4%8d%f0%9f%92%97%f0%9f%a4%8d%f0%9f%92%97%f0%9f%a4%8d%f0%9f%92%97","status":"publish","type":"post","link":"https:\/\/zszs.walbrzych.pl\/zszs.walbrzych.pl\/2021\/12\/06\/szkoladohymnu-%f0%9f%a4%8d%f0%9f%92%97%f0%9f%a4%8d%f0%9f%92%97%f0%9f%a4%8d%f0%9f%92%97\/","title":{"rendered":"#Szko\u0142aDoHymnu \ud83e\udd0d\ud83d\udc97\ud83e\udd0d\ud83d\udc97\ud83e\udd0d\ud83d\udc97"},"content":{"rendered":"<p><strong>#Szko\u0142aDoHymnu<\/strong><\/p>\n<p>W bie\u017c\u0105cym roku wsp\u00f3lne \u015bpiewanie hymnu pa\u0144stwowego odbywa\u0142o si\u0119 w zespo\u0142ach klasowych. Poni\u017cej przedstawiamy pr\u00f3by i \u015bpiew finalny. By\u0142o uroczy\u015bcie i pi\u0119knie.<\/p>\n<p><strong><em>Szanujemy i kochamy symbole narodowe!<\/em><\/strong><\/p>\n<p>Olga Tatu\u015bko<\/p>\n<p><img loading=\"lazy\" decoding=\"async\" class=\"alignnone size-medium wp-image-872\" src=\"https:\/\/zszs.walbrzych.pl\/zszs.walbrzych.pl\/wp-content\/uploads\/2021\/12\/7-212x300.jpg\" alt=\"\" width=\"212\" height=\"300\" srcset=\"https:\/\/zszs.walbrzych.pl\/zszs.walbrzych.pl\/wp-content\/uploads\/2021\/12\/7-212x300.jpg 212w, https:\/\/zszs.walbrzych.pl\/zszs.walbrzych.pl\/wp-content\/uploads\/2021\/12\/7-723x1024.jpg 723w, https:\/\/zszs.walbrzych.pl\/zszs.walbrzych.pl\/wp-content\/uploads\/2021\/12\/7-768x1088.jpg 768w, https:\/\/zszs.walbrzych.pl\/zszs.walbrzych.pl\/wp-content\/uploads\/2021\/12\/7-1084x1536.jpg 1084w, https:\/\/zszs.walbrzych.pl\/zszs.walbrzych.pl\/wp-content\/uploads\/2021\/12\/7-1080x1530.jpg 1080w, https:\/\/zszs.walbrzych.pl\/zszs.walbrzych.pl\/wp-content\/uploads\/2021\/12\/7.jpg 1150w\" sizes=\"auto, (max-width: 212px) 100vw, 212px\" \/><\/p>\n<div style=\"width: 640px;\" class=\"wp-video\"><video class=\"wp-video-shortcode\" id=\"video-871-1\" width=\"640\" height=\"352\" preload=\"metadata\" controls=\"controls\"><source type=\"video\/mp4\" src=\"https:\/\/zszs.walbrzych.pl\/zszs.walbrzych.pl\/wp-content\/uploads\/2021\/12\/video-1638816460.mp4?_=1\" \/><a href=\"https:\/\/zszs.walbrzych.pl\/zszs.walbrzych.pl\/wp-content\/uploads\/2021\/12\/video-1638816460.mp4\">https:\/\/zszs.walbrzych.pl\/zszs.walbrzych.pl\/wp-content\/uploads\/2021\/12\/video-1638816460.mp4<\/a><\/video><\/div>\n<div style=\"width: 640px;\" class=\"wp-video\"><video class=\"wp-video-shortcode\" id=\"video-871-2\" width=\"640\" height=\"352\" preload=\"metadata\" controls=\"controls\"><source type=\"video\/mp4\" src=\"https:\/\/zszs.walbrzych.pl\/zszs.walbrzych.pl\/wp-content\/uploads\/2021\/12\/video-1638815505.mp4?_=2\" \/><a href=\"https:\/\/zszs.walbrzych.pl\/zszs.walbrzych.pl\/wp-content\/uploads\/2021\/12\/video-1638815505.mp4\">https:\/\/zszs.walbrzych.pl\/zszs.walbrzych.pl\/wp-content\/uploads\/2021\/12\/video-1638815505.mp4<\/a><\/video><\/div>\n","protected":false},"excerpt":{"rendered":"<p>#Szko\u0142aDoHymnu W bie\u017c\u0105cym roku wsp\u00f3lne \u015bpiewanie hymnu pa\u0144stwowego odbywa\u0142o si\u0119 w zespo\u0142ach klasowych. Poni\u017cej przedstawiamy pr\u00f3by i \u015bpiew finalny. By\u0142o uroczy\u015bcie i pi\u0119knie. Szanujemy i kochamy symbole narodowe! Olga Tatu\u015bko<\/p>\n","protected":false},"author":2,"featured_media":0,"comment_status":"closed","ping_status":"closed","sticky":false,"template":"","format":"standard","meta":{"footnotes":""},"categories":[10,11,12,9,13,1],"tags":[],"class_list":["post-871","post","type-post","status-publish","format-standard","hentry","category-dla-rodzicow","category-dla-uczniow","category-galeria","category-news","category-o-szkole","category-uncategorized"],"_links":{"self":[{"href":"https:\/\/zszs.walbrzych.pl\/zszs.walbrzych.pl\/wp-json\/wp\/v2\/posts\/871","targetHints":{"allow":["GET"]}}],"collection":[{"href":"https:\/\/zszs.walbrzych.pl\/zszs.walbrzych.pl\/wp-json\/wp\/v2\/posts"}],"about":[{"href":"https:\/\/zszs.walbrzych.pl\/zszs.walbrzych.pl\/wp-json\/wp\/v2\/types\/post"}],"author":[{"embeddable":true,"href":"https:\/\/zszs.walbrzych.pl\/zszs.walbrzych.pl\/wp-json\/wp\/v2\/users\/2"}],"replies":[{"embeddable":true,"href":"https:\/\/zszs.walbrzych.pl\/zszs.walbrzych.pl\/wp-json\/wp\/v2\/comments?post=871"}],"version-history":[{"count":1,"href":"https:\/\/zszs.walbrzych.pl\/zszs.walbrzych.pl\/wp-json\/wp\/v2\/posts\/871\/revisions"}],"predecessor-version":[{"id":875,"href":"https:\/\/zszs.walbrzych.pl\/zszs.walbrzych.pl\/wp-json\/wp\/v2\/posts\/871\/revisions\/875"}],"wp:attachment":[{"href":"https:\/\/zszs.walbrzych.pl\/zszs.walbrzych.pl\/wp-json\/wp\/v2\/media?parent=871"}],"wp:term":[{"taxonomy":"category","embeddable":true,"href":"https:\/\/zszs.walbrzych.pl\/zszs.walbrzych.pl\/wp-json\/wp\/v2\/categories?post=871"},{"taxonomy":"post_tag","embeddable":true,"href":"https:\/\/zszs.walbrzych.pl\/zszs.walbrzych.pl\/wp-json\/wp\/v2\/tags?post=871"}],"curies":[{"name":"wp","href":"https:\/\/api.w.org\/{rel}","templated":true}]}}