{"id":709,"date":"2021-05-04T19:29:03","date_gmt":"2021-05-04T19:29:03","guid":{"rendered":"https:\/\/zszs.walbrzych.pl\/zszs.walbrzych.pl\/?p=709"},"modified":"2021-05-05T18:42:08","modified_gmt":"2021-05-05T18:42:08","slug":"dzien-flagi-rzeczypospolitej-polskiej-%f0%9f%a4%8d%f0%9f%92%97%f0%9f%a4%8d%f0%9f%92%97","status":"publish","type":"post","link":"https:\/\/zszs.walbrzych.pl\/zszs.walbrzych.pl\/2021\/05\/04\/dzien-flagi-rzeczypospolitej-polskiej-%f0%9f%a4%8d%f0%9f%92%97%f0%9f%a4%8d%f0%9f%92%97\/","title":{"rendered":"Dzie\u0144 Flagi Rzeczypospolitej Polskiej \ud83e\udd0d\ud83d\udc97\ud83e\udd0d\ud83d\udc97"},"content":{"rendered":"<p>Cz\u0119sto zastanawiamy si\u0119 w jaki spos\u00f3b m\u00f3wi\u0107\u00a0 o patriotyzmie i symbolach narodowych. Okazj\u0105 do tego by\u0142 Dzie\u0144 Flagi w naszej szkole.\u00a0 Od kilku dni trwa\u0142y przygotowania. Uczniowie malowali god\u0142a, uczyli si\u0119 pie\u015bni patriotycznych, przygotowywali plakaty.<\/p>\n<p>2 maja obchodzili\u015bmy Dzie\u0144 Flagi. Flaga Polski jest z nami we wszystkich wa\u017cnych chwilach. Podczas wydarze\u0144 podnios\u0142ych i uroczystych, ale tak\u017ce w dni \u017ca\u0142oby po stracie wybitnych i odwa\u017cnych Polak\u00f3w, w momentach wzrusze\u0144 i rado\u015bci<\/p>\n<p>Polskie barwy narodowe jako jedne z nielicznych w \u015bwiecie maj\u0105 pochodzenie heraldyczne. Wywodz\u0105 si\u0119 z barw herbu Kr\u00f3lestwa Polskiego i herbu Wielkiego Ksi\u0119stwa Litewskiego. W symbolice polskiej flagi biel pochodzi od bieli Or\u0142a, b\u0119d\u0105cego god\u0142em Polski, i bieli Pogoni \u2013 rycerza galopuj\u0105cego na koniu, kt\u00f3ry jest god\u0142em Litwy. Oba te god\u0142a znajduj\u0105 si\u0119 na czerwonych tarczach herbowych.<\/p>\n<p>Barwy bia\u0142a i czerwona zosta\u0142y po raz pierwszy uznane za narodowe 3 maja 1792 r., w pierwsz\u0105 rocznic\u0119 uchwalenia Konstytucji 3 Maja. Formalnie zosta\u0142y przyj\u0119te jako kolory pa\u0144stwa polskiego przez Sejm Kr\u00f3lestwa Polskiego w 1831 r., w czasie powstania listopadowego. Po odzyskaniu niepodleg\u0142o\u015bci wygl\u0105d polskiej flagi zatwierdzi\u0142 Sejm Ustawodawczy 1 sierpnia 1919 r.<\/p>\n<p>Dzie\u0144 Flagi Rzeczypospolitej Polskiej jako \u015bwi\u0119to obchodzony jest od 2004 roku. Tego dnia organizowane s\u0105 liczne akcje patriotyczne, kt\u00f3re przypominaj\u0105 o bia\u0142o- czerwonych barwach narodowych. W ostatnich latach do \u0142ask wr\u00f3ci\u0142a te\u017c kokarda narodowa \u2013 bia\u0142o-czerwona rozetka, noszona przez powsta\u0144c\u00f3w w XIX wieku. Dzi\u015b Polacy przypinaj\u0105 j\u0105 do ubrania podczas \u015bwi\u0105t pa\u0144stwowych.<\/p>\n<p>Przygotowa\u0142y : p.Magdalena Lema\u0144ska, p.Agata Hurkot, p.Izabela Janiszewska \ud83d\ude42 <img loading=\"lazy\" decoding=\"async\" class=\"size-medium wp-image-724 aligncenter\" src=\"https:\/\/zszs.walbrzych.pl\/zszs.walbrzych.pl\/wp-content\/uploads\/2021\/05\/179565138_788158098481253_8390637814903444447_n-300x225.jpg\" alt=\"\" width=\"300\" height=\"225\" srcset=\"https:\/\/zszs.walbrzych.pl\/zszs.walbrzych.pl\/wp-content\/uploads\/2021\/05\/179565138_788158098481253_8390637814903444447_n-300x225.jpg 300w, https:\/\/zszs.walbrzych.pl\/zszs.walbrzych.pl\/wp-content\/uploads\/2021\/05\/179565138_788158098481253_8390637814903444447_n-1024x769.jpg 1024w, https:\/\/zszs.walbrzych.pl\/zszs.walbrzych.pl\/wp-content\/uploads\/2021\/05\/179565138_788158098481253_8390637814903444447_n-768x577.jpg 768w, https:\/\/zszs.walbrzych.pl\/zszs.walbrzych.pl\/wp-content\/uploads\/2021\/05\/179565138_788158098481253_8390637814903444447_n-1536x1153.jpg 1536w, https:\/\/zszs.walbrzych.pl\/zszs.walbrzych.pl\/wp-content\/uploads\/2021\/05\/179565138_788158098481253_8390637814903444447_n-2048x1538.jpg 2048w, https:\/\/zszs.walbrzych.pl\/zszs.walbrzych.pl\/wp-content\/uploads\/2021\/05\/179565138_788158098481253_8390637814903444447_n-510x382.jpg 510w, https:\/\/zszs.walbrzych.pl\/zszs.walbrzych.pl\/wp-content\/uploads\/2021\/05\/179565138_788158098481253_8390637814903444447_n-1080x811.jpg 1080w\" sizes=\"auto, (max-width: 300px) 100vw, 300px\" \/><img loading=\"lazy\" decoding=\"async\" class=\"size-medium wp-image-744 aligncenter\" src=\"https:\/\/zszs.walbrzych.pl\/zszs.walbrzych.pl\/wp-content\/uploads\/2021\/05\/180021092_1676750772512131_6437846852307052400_n-147x300.jpg\" alt=\"\" width=\"147\" height=\"300\" srcset=\"https:\/\/zszs.walbrzych.pl\/zszs.walbrzych.pl\/wp-content\/uploads\/2021\/05\/180021092_1676750772512131_6437846852307052400_n-147x300.jpg 147w, https:\/\/zszs.walbrzych.pl\/zszs.walbrzych.pl\/wp-content\/uploads\/2021\/05\/180021092_1676750772512131_6437846852307052400_n-502x1024.jpg 502w, https:\/\/zszs.walbrzych.pl\/zszs.walbrzych.pl\/wp-content\/uploads\/2021\/05\/180021092_1676750772512131_6437846852307052400_n-768x1567.jpg 768w, https:\/\/zszs.walbrzych.pl\/zszs.walbrzych.pl\/wp-content\/uploads\/2021\/05\/180021092_1676750772512131_6437846852307052400_n-753x1536.jpg 753w, https:\/\/zszs.walbrzych.pl\/zszs.walbrzych.pl\/wp-content\/uploads\/2021\/05\/180021092_1676750772512131_6437846852307052400_n-1004x2048.jpg 1004w, https:\/\/zszs.walbrzych.pl\/zszs.walbrzych.pl\/wp-content\/uploads\/2021\/05\/180021092_1676750772512131_6437846852307052400_n.jpg 1080w\" sizes=\"auto, (max-width: 147px) 100vw, 147px\" \/><\/p>\n<p><img loading=\"lazy\" decoding=\"async\" class=\"alignnone size-medium wp-image-710\" src=\"https:\/\/zszs.walbrzych.pl\/zszs.walbrzych.pl\/wp-content\/uploads\/2021\/05\/182012883_983528789049220_6074729460217732087_n-300x300.jpg\" alt=\"\" width=\"300\" height=\"300\" srcset=\"https:\/\/zszs.walbrzych.pl\/zszs.walbrzych.pl\/wp-content\/uploads\/2021\/05\/182012883_983528789049220_6074729460217732087_n-300x300.jpg 300w, https:\/\/zszs.walbrzych.pl\/zszs.walbrzych.pl\/wp-content\/uploads\/2021\/05\/182012883_983528789049220_6074729460217732087_n-150x150.jpg 150w, https:\/\/zszs.walbrzych.pl\/zszs.walbrzych.pl\/wp-content\/uploads\/2021\/05\/182012883_983528789049220_6074729460217732087_n-768x768.jpg 768w, https:\/\/zszs.walbrzych.pl\/zszs.walbrzych.pl\/wp-content\/uploads\/2021\/05\/182012883_983528789049220_6074729460217732087_n.jpg 810w\" sizes=\"auto, (max-width: 300px) 100vw, 300px\" \/> <img loading=\"lazy\" decoding=\"async\" class=\"alignnone size-medium wp-image-711\" src=\"https:\/\/zszs.walbrzych.pl\/zszs.walbrzych.pl\/wp-content\/uploads\/2021\/05\/181698085_1179144519181464_3014809079525830108_n-1-300x300.jpg\" alt=\"\" width=\"300\" height=\"300\" srcset=\"https:\/\/zszs.walbrzych.pl\/zszs.walbrzych.pl\/wp-content\/uploads\/2021\/05\/181698085_1179144519181464_3014809079525830108_n-1-300x300.jpg 300w, https:\/\/zszs.walbrzych.pl\/zszs.walbrzych.pl\/wp-content\/uploads\/2021\/05\/181698085_1179144519181464_3014809079525830108_n-1-1024x1024.jpg 1024w, https:\/\/zszs.walbrzych.pl\/zszs.walbrzych.pl\/wp-content\/uploads\/2021\/05\/181698085_1179144519181464_3014809079525830108_n-1-150x150.jpg 150w, https:\/\/zszs.walbrzych.pl\/zszs.walbrzych.pl\/wp-content\/uploads\/2021\/05\/181698085_1179144519181464_3014809079525830108_n-1-768x768.jpg 768w, https:\/\/zszs.walbrzych.pl\/zszs.walbrzych.pl\/wp-content\/uploads\/2021\/05\/181698085_1179144519181464_3014809079525830108_n-1-1536x1536.jpg 1536w, https:\/\/zszs.walbrzych.pl\/zszs.walbrzych.pl\/wp-content\/uploads\/2021\/05\/181698085_1179144519181464_3014809079525830108_n-1-2048x2048.jpg 2048w, https:\/\/zszs.walbrzych.pl\/zszs.walbrzych.pl\/wp-content\/uploads\/2021\/05\/181698085_1179144519181464_3014809079525830108_n-1-1080x1080.jpg 1080w\" sizes=\"auto, (max-width: 300px) 100vw, 300px\" \/> <img loading=\"lazy\" decoding=\"async\" class=\"alignnone size-medium wp-image-712\" src=\"https:\/\/zszs.walbrzych.pl\/zszs.walbrzych.pl\/wp-content\/uploads\/2021\/05\/181751004_808908786729601_3116031120742381673_n-1-300x300.jpg\" alt=\"\" width=\"300\" height=\"300\" srcset=\"https:\/\/zszs.walbrzych.pl\/zszs.walbrzych.pl\/wp-content\/uploads\/2021\/05\/181751004_808908786729601_3116031120742381673_n-1-300x300.jpg 300w, https:\/\/zszs.walbrzych.pl\/zszs.walbrzych.pl\/wp-content\/uploads\/2021\/05\/181751004_808908786729601_3116031120742381673_n-1-150x150.jpg 150w, https:\/\/zszs.walbrzych.pl\/zszs.walbrzych.pl\/wp-content\/uploads\/2021\/05\/181751004_808908786729601_3116031120742381673_n-1-768x768.jpg 768w, https:\/\/zszs.walbrzych.pl\/zszs.walbrzych.pl\/wp-content\/uploads\/2021\/05\/181751004_808908786729601_3116031120742381673_n-1.jpg 789w\" sizes=\"auto, (max-width: 300px) 100vw, 300px\" \/> <img loading=\"lazy\" decoding=\"async\" class=\"alignnone size-medium wp-image-713\" src=\"https:\/\/zszs.walbrzych.pl\/zszs.walbrzych.pl\/wp-content\/uploads\/2021\/05\/181936538_262256698916541_3716884670751646838_n-300x300.jpg\" alt=\"\" width=\"300\" height=\"300\" srcset=\"https:\/\/zszs.walbrzych.pl\/zszs.walbrzych.pl\/wp-content\/uploads\/2021\/05\/181936538_262256698916541_3716884670751646838_n-300x300.jpg 300w, https:\/\/zszs.walbrzych.pl\/zszs.walbrzych.pl\/wp-content\/uploads\/2021\/05\/181936538_262256698916541_3716884670751646838_n-150x150.jpg 150w, https:\/\/zszs.walbrzych.pl\/zszs.walbrzych.pl\/wp-content\/uploads\/2021\/05\/181936538_262256698916541_3716884670751646838_n.jpg 768w\" sizes=\"auto, (max-width: 300px) 100vw, 300px\" \/> <img loading=\"lazy\" decoding=\"async\" class=\"alignnone size-medium wp-image-714\" src=\"https:\/\/zszs.walbrzych.pl\/zszs.walbrzych.pl\/wp-content\/uploads\/2021\/05\/181934434_875594362996172_209246831736432072_n-300x300.jpg\" alt=\"\" width=\"300\" height=\"300\" srcset=\"https:\/\/zszs.walbrzych.pl\/zszs.walbrzych.pl\/wp-content\/uploads\/2021\/05\/181934434_875594362996172_209246831736432072_n-300x300.jpg 300w, https:\/\/zszs.walbrzych.pl\/zszs.walbrzych.pl\/wp-content\/uploads\/2021\/05\/181934434_875594362996172_209246831736432072_n-150x150.jpg 150w, https:\/\/zszs.walbrzych.pl\/zszs.walbrzych.pl\/wp-content\/uploads\/2021\/05\/181934434_875594362996172_209246831736432072_n.jpg 640w\" sizes=\"auto, (max-width: 300px) 100vw, 300px\" \/> <img loading=\"lazy\" decoding=\"async\" class=\"alignnone size-medium wp-image-715\" src=\"https:\/\/zszs.walbrzych.pl\/zszs.walbrzych.pl\/wp-content\/uploads\/2021\/05\/181653842_1247906385663534_2941564063270543044_n-300x300.jpg\" alt=\"\" width=\"300\" height=\"300\" srcset=\"https:\/\/zszs.walbrzych.pl\/zszs.walbrzych.pl\/wp-content\/uploads\/2021\/05\/181653842_1247906385663534_2941564063270543044_n-300x300.jpg 300w, https:\/\/zszs.walbrzych.pl\/zszs.walbrzych.pl\/wp-content\/uploads\/2021\/05\/181653842_1247906385663534_2941564063270543044_n-150x150.jpg 150w, https:\/\/zszs.walbrzych.pl\/zszs.walbrzych.pl\/wp-content\/uploads\/2021\/05\/181653842_1247906385663534_2941564063270543044_n.jpg 480w\" sizes=\"auto, (max-width: 300px) 100vw, 300px\" \/> <img loading=\"lazy\" decoding=\"async\" class=\"alignnone size-medium wp-image-716\" src=\"https:\/\/zszs.walbrzych.pl\/zszs.walbrzych.pl\/wp-content\/uploads\/2021\/05\/181709604_296286241986258_7463283380754323436_n-300x300.jpg\" alt=\"\" width=\"300\" height=\"300\" srcset=\"https:\/\/zszs.walbrzych.pl\/zszs.walbrzych.pl\/wp-content\/uploads\/2021\/05\/181709604_296286241986258_7463283380754323436_n-300x300.jpg 300w, https:\/\/zszs.walbrzych.pl\/zszs.walbrzych.pl\/wp-content\/uploads\/2021\/05\/181709604_296286241986258_7463283380754323436_n-1024x1024.jpg 1024w, https:\/\/zszs.walbrzych.pl\/zszs.walbrzych.pl\/wp-content\/uploads\/2021\/05\/181709604_296286241986258_7463283380754323436_n-150x150.jpg 150w, https:\/\/zszs.walbrzych.pl\/zszs.walbrzych.pl\/wp-content\/uploads\/2021\/05\/181709604_296286241986258_7463283380754323436_n-768x768.jpg 768w, https:\/\/zszs.walbrzych.pl\/zszs.walbrzych.pl\/wp-content\/uploads\/2021\/05\/181709604_296286241986258_7463283380754323436_n-1080x1080.jpg 1080w, https:\/\/zszs.walbrzych.pl\/zszs.walbrzych.pl\/wp-content\/uploads\/2021\/05\/181709604_296286241986258_7463283380754323436_n.jpg 1279w\" sizes=\"auto, (max-width: 300px) 100vw, 300px\" \/> <img loading=\"lazy\" decoding=\"async\" class=\"alignnone size-medium wp-image-717\" src=\"https:\/\/zszs.walbrzych.pl\/zszs.walbrzych.pl\/wp-content\/uploads\/2021\/05\/181788290_3648202408625184_9158250739593269255_n-300x300.jpg\" alt=\"\" width=\"300\" height=\"300\" srcset=\"https:\/\/zszs.walbrzych.pl\/zszs.walbrzych.pl\/wp-content\/uploads\/2021\/05\/181788290_3648202408625184_9158250739593269255_n-300x300.jpg 300w, https:\/\/zszs.walbrzych.pl\/zszs.walbrzych.pl\/wp-content\/uploads\/2021\/05\/181788290_3648202408625184_9158250739593269255_n-150x150.jpg 150w, https:\/\/zszs.walbrzych.pl\/zszs.walbrzych.pl\/wp-content\/uploads\/2021\/05\/181788290_3648202408625184_9158250739593269255_n.jpg 720w\" sizes=\"auto, (max-width: 300px) 100vw, 300px\" \/><img loading=\"lazy\" decoding=\"async\" class=\"size-medium wp-image-718 aligncenter\" src=\"https:\/\/zszs.walbrzych.pl\/zszs.walbrzych.pl\/wp-content\/uploads\/2021\/05\/MicrosoftTeams-image-11-225x300.jpg\" alt=\"\" width=\"225\" height=\"300\" srcset=\"https:\/\/zszs.walbrzych.pl\/zszs.walbrzych.pl\/wp-content\/uploads\/2021\/05\/MicrosoftTeams-image-11-225x300.jpg 225w, https:\/\/zszs.walbrzych.pl\/zszs.walbrzych.pl\/wp-content\/uploads\/2021\/05\/MicrosoftTeams-image-11.jpg 600w\" sizes=\"auto, (max-width: 225px) 100vw, 225px\" \/><\/p>\n<p>&nbsp;<\/p>\n","protected":false},"excerpt":{"rendered":"<p>Cz\u0119sto zastanawiamy si\u0119 w jaki spos\u00f3b m\u00f3wi\u0107\u00a0 o patriotyzmie i symbolach narodowych. Okazj\u0105 do tego by\u0142 Dzie\u0144 Flagi w naszej szkole.\u00a0 Od kilku dni trwa\u0142y przygotowania. Uczniowie malowali god\u0142a, uczyli si\u0119 pie\u015bni patriotycznych, przygotowywali plakaty. 2 maja obchodzili\u015bmy Dzie\u0144 Flagi. Flaga Polski jest z nami we wszystkich wa\u017cnych chwilach. Podczas wydarze\u0144 podnios\u0142ych i uroczystych, ale [&hellip;]<\/p>\n","protected":false},"author":2,"featured_media":0,"comment_status":"closed","ping_status":"closed","sticky":false,"template":"","format":"standard","meta":{"footnotes":""},"categories":[10,11,12,9,13],"tags":[],"class_list":["post-709","post","type-post","status-publish","format-standard","hentry","category-dla-rodzicow","category-dla-uczniow","category-galeria","category-news","category-o-szkole"],"_links":{"self":[{"href":"https:\/\/zszs.walbrzych.pl\/zszs.walbrzych.pl\/wp-json\/wp\/v2\/posts\/709","targetHints":{"allow":["GET"]}}],"collection":[{"href":"https:\/\/zszs.walbrzych.pl\/zszs.walbrzych.pl\/wp-json\/wp\/v2\/posts"}],"about":[{"href":"https:\/\/zszs.walbrzych.pl\/zszs.walbrzych.pl\/wp-json\/wp\/v2\/types\/post"}],"author":[{"embeddable":true,"href":"https:\/\/zszs.walbrzych.pl\/zszs.walbrzych.pl\/wp-json\/wp\/v2\/users\/2"}],"replies":[{"embeddable":true,"href":"https:\/\/zszs.walbrzych.pl\/zszs.walbrzych.pl\/wp-json\/wp\/v2\/comments?post=709"}],"version-history":[{"count":4,"href":"https:\/\/zszs.walbrzych.pl\/zszs.walbrzych.pl\/wp-json\/wp\/v2\/posts\/709\/revisions"}],"predecessor-version":[{"id":745,"href":"https:\/\/zszs.walbrzych.pl\/zszs.walbrzych.pl\/wp-json\/wp\/v2\/posts\/709\/revisions\/745"}],"wp:attachment":[{"href":"https:\/\/zszs.walbrzych.pl\/zszs.walbrzych.pl\/wp-json\/wp\/v2\/media?parent=709"}],"wp:term":[{"taxonomy":"category","embeddable":true,"href":"https:\/\/zszs.walbrzych.pl\/zszs.walbrzych.pl\/wp-json\/wp\/v2\/categories?post=709"},{"taxonomy":"post_tag","embeddable":true,"href":"https:\/\/zszs.walbrzych.pl\/zszs.walbrzych.pl\/wp-json\/wp\/v2\/tags?post=709"}],"curies":[{"name":"wp","href":"https:\/\/api.w.org\/{rel}","templated":true}]}}