{"id":698,"date":"2021-05-04T18:49:18","date_gmt":"2021-05-04T18:49:18","guid":{"rendered":"https:\/\/zszs.walbrzych.pl\/zszs.walbrzych.pl\/?p=698"},"modified":"2021-05-04T18:51:33","modified_gmt":"2021-05-04T18:51:33","slug":"z-o-n-k-i-l-o-w-a-r-a-b-a-t-a-d-l-a-h-o-s-p-i-c-j-u-m-%f0%9f%8c%ba%f0%9f%8c%bb%f0%9f%8c%bc%f0%9f%8c%b7%f0%9f%92%90","status":"publish","type":"post","link":"https:\/\/zszs.walbrzych.pl\/zszs.walbrzych.pl\/2021\/05\/04\/z-o-n-k-i-l-o-w-a-r-a-b-a-t-a-d-l-a-h-o-s-p-i-c-j-u-m-%f0%9f%8c%ba%f0%9f%8c%bb%f0%9f%8c%bc%f0%9f%8c%b7%f0%9f%92%90\/","title":{"rendered":"\u017bonkilowa rabata dla hospicjum   \ud83c\udf3b\ud83c\udf3c\ud83d\udc90"},"content":{"rendered":"<p>\u017bonkil to znak odrodzenia, nowego pocz\u0105tku, inspiracji, odnowy, witalno\u015bci, pami\u0119ci i przebaczenia. Wszystko co zwi\u0105zane z \u017conkilem odnosi si\u0119 do rozwoju i nowego \u017cycia. Mi\u0119dzynarodowo \u017conkil okre\u015blany jest jako symbol nadziei, \u015bwiadcz\u0105cy o ludziach cierpi\u0105cych, oczekuj\u0105cych naszej pomocy i opieki w trudnym okresie istnienia. Z \u017conkili tworzone s\u0105 Pola Nadziei przypominaj\u0105ce o osobach nieuleczalnie chorych, cierpi\u0105cych w domach i hospicjach.<\/p>\n<p>\u017b o n k i l o w e\u00a0\u00a0\u00a0d z i a \u0142 a n i a\u00a0\u00a0\u00a0s z k o l n y c h\u00a0\u00a0\u00a0w o l o n t a r i u s z y<\/p>\n<p>Jesieni\u0105 w naszej szkole trwa\u0142a akcja Klubu O\u015bmiu, kt\u00f3rej zadaniem by\u0142o utworzenie rabaty po\u015bwi\u0119conej wa\u0142brzyskiemu hospicjum. W przedsi\u0119wzi\u0119ciu uczestniczyli uczniowie szko\u0142y bran\u017cowej i \u00a0\u00a0przysposabiaj\u0105cej. Wszystko odbywa\u0142o si\u0119 pod czujnym okiem opiekuna Klubu oraz pani Marty Pisuli i pani Ireny \u015awi\u0119tochowskiej, kt\u00f3rej wychowankowie zebrali najwi\u0119ksz\u0105 ilo\u015b\u0107 dorodnych \u017conkilowych cebulek, kt\u00f3re to sadzono z nadziej\u0105 na ich wiosenny rozkwit. W efekcie powsta\u0142a szkolna rabata Z\u0141OTY \u017bONKIL DLA HOSPICJUM.<\/p>\n<p><img loading=\"lazy\" decoding=\"async\" class=\"alignnone size-medium wp-image-699\" src=\"https:\/\/zszs.walbrzych.pl\/zszs.walbrzych.pl\/wp-content\/uploads\/2021\/05\/z1-300x300.jpg\" alt=\"\" width=\"300\" height=\"300\" srcset=\"https:\/\/zszs.walbrzych.pl\/zszs.walbrzych.pl\/wp-content\/uploads\/2021\/05\/z1-300x300.jpg 300w, https:\/\/zszs.walbrzych.pl\/zszs.walbrzych.pl\/wp-content\/uploads\/2021\/05\/z1-1024x1024.jpg 1024w, https:\/\/zszs.walbrzych.pl\/zszs.walbrzych.pl\/wp-content\/uploads\/2021\/05\/z1-150x150.jpg 150w, https:\/\/zszs.walbrzych.pl\/zszs.walbrzych.pl\/wp-content\/uploads\/2021\/05\/z1-768x768.jpg 768w, https:\/\/zszs.walbrzych.pl\/zszs.walbrzych.pl\/wp-content\/uploads\/2021\/05\/z1.jpg 1080w\" sizes=\"auto, (max-width: 300px) 100vw, 300px\" \/> <img loading=\"lazy\" decoding=\"async\" class=\"alignnone size-medium wp-image-700\" src=\"https:\/\/zszs.walbrzych.pl\/zszs.walbrzych.pl\/wp-content\/uploads\/2021\/05\/z2-300x300.jpg\" alt=\"\" width=\"300\" height=\"300\" srcset=\"https:\/\/zszs.walbrzych.pl\/zszs.walbrzych.pl\/wp-content\/uploads\/2021\/05\/z2-300x300.jpg 300w, https:\/\/zszs.walbrzych.pl\/zszs.walbrzych.pl\/wp-content\/uploads\/2021\/05\/z2-1024x1024.jpg 1024w, https:\/\/zszs.walbrzych.pl\/zszs.walbrzych.pl\/wp-content\/uploads\/2021\/05\/z2-150x150.jpg 150w, https:\/\/zszs.walbrzych.pl\/zszs.walbrzych.pl\/wp-content\/uploads\/2021\/05\/z2-768x768.jpg 768w, https:\/\/zszs.walbrzych.pl\/zszs.walbrzych.pl\/wp-content\/uploads\/2021\/05\/z2.jpg 1080w\" sizes=\"auto, (max-width: 300px) 100vw, 300px\" \/> <img loading=\"lazy\" decoding=\"async\" class=\"alignnone size-medium wp-image-701\" src=\"https:\/\/zszs.walbrzych.pl\/zszs.walbrzych.pl\/wp-content\/uploads\/2021\/05\/z3-300x300.jpg\" alt=\"\" width=\"300\" height=\"300\" srcset=\"https:\/\/zszs.walbrzych.pl\/zszs.walbrzych.pl\/wp-content\/uploads\/2021\/05\/z3-300x300.jpg 300w, https:\/\/zszs.walbrzych.pl\/zszs.walbrzych.pl\/wp-content\/uploads\/2021\/05\/z3-1024x1024.jpg 1024w, https:\/\/zszs.walbrzych.pl\/zszs.walbrzych.pl\/wp-content\/uploads\/2021\/05\/z3-150x150.jpg 150w, https:\/\/zszs.walbrzych.pl\/zszs.walbrzych.pl\/wp-content\/uploads\/2021\/05\/z3-768x768.jpg 768w, https:\/\/zszs.walbrzych.pl\/zszs.walbrzych.pl\/wp-content\/uploads\/2021\/05\/z3.jpg 1080w\" sizes=\"auto, (max-width: 300px) 100vw, 300px\" \/> <img loading=\"lazy\" decoding=\"async\" class=\"alignnone size-medium wp-image-702\" src=\"https:\/\/zszs.walbrzych.pl\/zszs.walbrzych.pl\/wp-content\/uploads\/2021\/05\/z4-300x300.jpg\" alt=\"\" width=\"300\" height=\"300\" srcset=\"https:\/\/zszs.walbrzych.pl\/zszs.walbrzych.pl\/wp-content\/uploads\/2021\/05\/z4-300x300.jpg 300w, https:\/\/zszs.walbrzych.pl\/zszs.walbrzych.pl\/wp-content\/uploads\/2021\/05\/z4-1024x1024.jpg 1024w, https:\/\/zszs.walbrzych.pl\/zszs.walbrzych.pl\/wp-content\/uploads\/2021\/05\/z4-150x150.jpg 150w, https:\/\/zszs.walbrzych.pl\/zszs.walbrzych.pl\/wp-content\/uploads\/2021\/05\/z4-768x768.jpg 768w, https:\/\/zszs.walbrzych.pl\/zszs.walbrzych.pl\/wp-content\/uploads\/2021\/05\/z4.jpg 1080w\" sizes=\"auto, (max-width: 300px) 100vw, 300px\" \/><\/p>\n<p>Min\u0119\u0142a ch\u0142odna polska JESIE\u0143. Przysz\u0142a ZIMA \u2013 czas spoczynku, zastygni\u0119cia, utajenia \u017cycia. Nasta\u0142a cudna WIOSNA z czasem gotowo\u015bci ziemi do wydania nowych plon\u00f3w.<\/p>\n<p>O B S E R W U J M Y\u00a0\u00a0\u00a0Z \u0141 O T E G O\u00a0\u00a0\u00a0\u017b O N K I L A\u00a0\u00a0\u2026<\/p>\n<p><img loading=\"lazy\" decoding=\"async\" class=\"alignnone size-medium wp-image-703\" src=\"https:\/\/zszs.walbrzych.pl\/zszs.walbrzych.pl\/wp-content\/uploads\/2021\/05\/z5-300x300.jpg\" alt=\"\" width=\"300\" height=\"300\" srcset=\"https:\/\/zszs.walbrzych.pl\/zszs.walbrzych.pl\/wp-content\/uploads\/2021\/05\/z5-300x300.jpg 300w, https:\/\/zszs.walbrzych.pl\/zszs.walbrzych.pl\/wp-content\/uploads\/2021\/05\/z5-1024x1024.jpg 1024w, https:\/\/zszs.walbrzych.pl\/zszs.walbrzych.pl\/wp-content\/uploads\/2021\/05\/z5-150x150.jpg 150w, https:\/\/zszs.walbrzych.pl\/zszs.walbrzych.pl\/wp-content\/uploads\/2021\/05\/z5-768x768.jpg 768w, https:\/\/zszs.walbrzych.pl\/zszs.walbrzych.pl\/wp-content\/uploads\/2021\/05\/z5.jpg 1080w\" sizes=\"auto, (max-width: 300px) 100vw, 300px\" \/> <img loading=\"lazy\" decoding=\"async\" class=\"size-medium wp-image-704 alignright\" src=\"https:\/\/zszs.walbrzych.pl\/zszs.walbrzych.pl\/wp-content\/uploads\/2021\/05\/z6-300x300.jpg\" alt=\"\" width=\"300\" height=\"300\" srcset=\"https:\/\/zszs.walbrzych.pl\/zszs.walbrzych.pl\/wp-content\/uploads\/2021\/05\/z6-300x300.jpg 300w, https:\/\/zszs.walbrzych.pl\/zszs.walbrzych.pl\/wp-content\/uploads\/2021\/05\/z6-1024x1024.jpg 1024w, https:\/\/zszs.walbrzych.pl\/zszs.walbrzych.pl\/wp-content\/uploads\/2021\/05\/z6-150x150.jpg 150w, https:\/\/zszs.walbrzych.pl\/zszs.walbrzych.pl\/wp-content\/uploads\/2021\/05\/z6-768x768.jpg 768w, https:\/\/zszs.walbrzych.pl\/zszs.walbrzych.pl\/wp-content\/uploads\/2021\/05\/z6.jpg 1080w\" sizes=\"auto, (max-width: 300px) 100vw, 300px\" \/> <img loading=\"lazy\" decoding=\"async\" class=\"size-medium wp-image-705 alignright\" src=\"https:\/\/zszs.walbrzych.pl\/zszs.walbrzych.pl\/wp-content\/uploads\/2021\/05\/z7-300x300.jpg\" alt=\"\" width=\"300\" height=\"300\" srcset=\"https:\/\/zszs.walbrzych.pl\/zszs.walbrzych.pl\/wp-content\/uploads\/2021\/05\/z7-300x300.jpg 300w, https:\/\/zszs.walbrzych.pl\/zszs.walbrzych.pl\/wp-content\/uploads\/2021\/05\/z7-1024x1024.jpg 1024w, https:\/\/zszs.walbrzych.pl\/zszs.walbrzych.pl\/wp-content\/uploads\/2021\/05\/z7-150x150.jpg 150w, https:\/\/zszs.walbrzych.pl\/zszs.walbrzych.pl\/wp-content\/uploads\/2021\/05\/z7-768x768.jpg 768w, https:\/\/zszs.walbrzych.pl\/zszs.walbrzych.pl\/wp-content\/uploads\/2021\/05\/z7.jpg 1080w\" sizes=\"auto, (max-width: 300px) 100vw, 300px\" \/><\/p>\n<p>&nbsp;<\/p>\n<p>&nbsp;<\/p>\n<p>&nbsp;<\/p>\n<p>&nbsp;<\/p>\n<p>&nbsp;<\/p>\n<p>&nbsp;<\/p>\n<p>Olga Tatu\u015bko, opiekun Klubu O\u015bmiu<\/p>\n<p>&nbsp;<\/p>\n","protected":false},"excerpt":{"rendered":"<p>\u017bonkil to znak odrodzenia, nowego pocz\u0105tku, inspiracji, odnowy, witalno\u015bci, pami\u0119ci i przebaczenia. Wszystko co zwi\u0105zane z \u017conkilem odnosi si\u0119 do rozwoju i nowego \u017cycia. Mi\u0119dzynarodowo \u017conkil okre\u015blany jest jako symbol nadziei, \u015bwiadcz\u0105cy o ludziach cierpi\u0105cych, oczekuj\u0105cych naszej pomocy i opieki w trudnym okresie istnienia. Z \u017conkili tworzone s\u0105 Pola Nadziei przypominaj\u0105ce o osobach nieuleczalnie chorych, [&hellip;]<\/p>\n","protected":false},"author":2,"featured_media":0,"comment_status":"closed","ping_status":"closed","sticky":false,"template":"","format":"standard","meta":{"footnotes":""},"categories":[10,11,12,9,13],"tags":[],"class_list":["post-698","post","type-post","status-publish","format-standard","hentry","category-dla-rodzicow","category-dla-uczniow","category-galeria","category-news","category-o-szkole"],"_links":{"self":[{"href":"https:\/\/zszs.walbrzych.pl\/zszs.walbrzych.pl\/wp-json\/wp\/v2\/posts\/698","targetHints":{"allow":["GET"]}}],"collection":[{"href":"https:\/\/zszs.walbrzych.pl\/zszs.walbrzych.pl\/wp-json\/wp\/v2\/posts"}],"about":[{"href":"https:\/\/zszs.walbrzych.pl\/zszs.walbrzych.pl\/wp-json\/wp\/v2\/types\/post"}],"author":[{"embeddable":true,"href":"https:\/\/zszs.walbrzych.pl\/zszs.walbrzych.pl\/wp-json\/wp\/v2\/users\/2"}],"replies":[{"embeddable":true,"href":"https:\/\/zszs.walbrzych.pl\/zszs.walbrzych.pl\/wp-json\/wp\/v2\/comments?post=698"}],"version-history":[{"count":3,"href":"https:\/\/zszs.walbrzych.pl\/zszs.walbrzych.pl\/wp-json\/wp\/v2\/posts\/698\/revisions"}],"predecessor-version":[{"id":708,"href":"https:\/\/zszs.walbrzych.pl\/zszs.walbrzych.pl\/wp-json\/wp\/v2\/posts\/698\/revisions\/708"}],"wp:attachment":[{"href":"https:\/\/zszs.walbrzych.pl\/zszs.walbrzych.pl\/wp-json\/wp\/v2\/media?parent=698"}],"wp:term":[{"taxonomy":"category","embeddable":true,"href":"https:\/\/zszs.walbrzych.pl\/zszs.walbrzych.pl\/wp-json\/wp\/v2\/categories?post=698"},{"taxonomy":"post_tag","embeddable":true,"href":"https:\/\/zszs.walbrzych.pl\/zszs.walbrzych.pl\/wp-json\/wp\/v2\/tags?post=698"}],"curies":[{"name":"wp","href":"https:\/\/api.w.org\/{rel}","templated":true}]}}