{"id":544,"date":"2021-03-21T20:23:01","date_gmt":"2021-03-21T20:23:01","guid":{"rendered":"https:\/\/zszs.walbrzych.pl\/zszs.walbrzych.pl\/?p=544"},"modified":"2021-04-23T11:03:30","modified_gmt":"2021-04-23T11:03:30","slug":"miedzynarodowe-swieto-osob-z-zespolem-downa","status":"publish","type":"post","link":"https:\/\/zszs.walbrzych.pl\/zszs.walbrzych.pl\/2021\/03\/21\/miedzynarodowe-swieto-osob-z-zespolem-downa\/","title":{"rendered":"Mi\u0119dzynarodowe \u015awi\u0119to Os\u00f3b z Zespo\u0142em Downa."},"content":{"rendered":"<div class=\"\" data-block=\"true\" data-editor=\"1uf4k\" data-offset-key=\"884re-0-0\">\n<div class=\"_1mf _1mj\" data-offset-key=\"884re-0-0\"><span data-offset-key=\"884re-0-0\">21 MARCA to Pierwszy Dzie\u0144 Wiosny! Ale tego dnia obchodzimy r\u00f3wnie\u017c <\/span><span data-offset-key=\"884re-1-0\">Mi\u0119dzynarodowe<\/span><span data-offset-key=\"884re-2-0\"> \u015awi\u0119to Os\u00f3b z Zespo\u0142em Downa \u2764\u2764\u2764\u2764\u2764\u2764\u2764<\/span><\/div>\n<div class=\"_1mf _1mj\" data-offset-key=\"884re-0-0\"><span data-offset-key=\"884re-2-0\">Ten niecodzienny gest ma na celu podkre\u015blenie odr\u0119bno\u015bci, z kt\u00f3rej poczuciem na co dzie\u0144 zmagaj\u0105 si\u0119 osoby z t\u0105 wad\u0105 genetyczn\u0105. Kolorowe skarpetki na naszych stopach s\u0105 wyrazem rado\u015bci z kalendarzowej wiosny oraz tolerancji i solidarno\u015bci z tymi osobami.<\/span><\/div>\n<\/div>\n<div class=\"\" data-block=\"true\" data-editor=\"1uf4k\" data-offset-key=\"8r90r-0-0\">\n<div class=\"_1mf _1mj\" data-offset-key=\"8r90r-0-0\"><span data-offset-key=\"8r90r-0-0\">W ten wyj\u0105tkowy dzie\u0144 uczniowie naszej szko\u0142y i ich rodzice r\u00f3wnie\u017c za\u0142o\u017cyli dwie r\u00f3\u017cne skarpetki na znak solidarno\u015bci z osobami z zespo\u0142em Downa.<\/span><\/div>\n<\/div>\n<div class=\"\" data-block=\"true\" data-editor=\"1uf4k\" data-offset-key=\"dq6j3-0-0\">\n<div class=\"_1mf _1mj\" data-offset-key=\"dq6j3-0-0\"><span data-offset-key=\"dq6j3-0-0\">Dzi\u0119kujemy za pr<\/span><span data-offset-key=\"dq6j3-0-0\">zes\u0142ane zdj\u0119cia.<\/span><\/div>\n<div data-offset-key=\"dq6j3-0-0\"><\/div>\n<div data-offset-key=\"dq6j3-0-0\"><span data-offset-key=\"dq6j3-0-0\">Organizator -Izabela Janiszewska<\/span><\/div>\n<div data-offset-key=\"dq6j3-0-0\"><\/div>\n<div data-offset-key=\"dq6j3-0-0\"><img loading=\"lazy\" decoding=\"async\" class=\"alignnone size-medium wp-image-545\" src=\"https:\/\/zszs.walbrzych.pl\/zszs.walbrzych.pl\/wp-content\/uploads\/2021\/03\/down-211x300.jpg\" alt=\"\" width=\"211\" height=\"300\" srcset=\"https:\/\/zszs.walbrzych.pl\/zszs.walbrzych.pl\/wp-content\/uploads\/2021\/03\/down-211x300.jpg 211w, https:\/\/zszs.walbrzych.pl\/zszs.walbrzych.pl\/wp-content\/uploads\/2021\/03\/down.jpg 361w\" sizes=\"auto, (max-width: 211px) 100vw, 211px\" \/><img loading=\"lazy\" decoding=\"async\" class=\"alignnone size-medium wp-image-547\" src=\"https:\/\/zszs.walbrzych.pl\/zszs.walbrzych.pl\/wp-content\/uploads\/2021\/03\/163285441_449555036258071_8545454844125496574_n-300x300.jpg\" alt=\"\" width=\"300\" height=\"300\" srcset=\"https:\/\/zszs.walbrzych.pl\/zszs.walbrzych.pl\/wp-content\/uploads\/2021\/03\/163285441_449555036258071_8545454844125496574_n-300x300.jpg 300w, https:\/\/zszs.walbrzych.pl\/zszs.walbrzych.pl\/wp-content\/uploads\/2021\/03\/163285441_449555036258071_8545454844125496574_n-1024x1024.jpg 1024w, https:\/\/zszs.walbrzych.pl\/zszs.walbrzych.pl\/wp-content\/uploads\/2021\/03\/163285441_449555036258071_8545454844125496574_n-150x150.jpg 150w, https:\/\/zszs.walbrzych.pl\/zszs.walbrzych.pl\/wp-content\/uploads\/2021\/03\/163285441_449555036258071_8545454844125496574_n-768x768.jpg 768w, https:\/\/zszs.walbrzych.pl\/zszs.walbrzych.pl\/wp-content\/uploads\/2021\/03\/163285441_449555036258071_8545454844125496574_n-1536x1536.jpg 1536w, https:\/\/zszs.walbrzych.pl\/zszs.walbrzych.pl\/wp-content\/uploads\/2021\/03\/163285441_449555036258071_8545454844125496574_n-1080x1080.jpg 1080w, https:\/\/zszs.walbrzych.pl\/zszs.walbrzych.pl\/wp-content\/uploads\/2021\/03\/163285441_449555036258071_8545454844125496574_n.jpg 1600w\" sizes=\"auto, (max-width: 300px) 100vw, 300px\" \/> <img loading=\"lazy\" decoding=\"async\" class=\"alignnone size-medium wp-image-546\" src=\"https:\/\/zszs.walbrzych.pl\/zszs.walbrzych.pl\/wp-content\/uploads\/2021\/03\/163170377_1061244404384545_21147182415977098_n-300x300.jpg\" alt=\"\" width=\"300\" height=\"300\" srcset=\"https:\/\/zszs.walbrzych.pl\/zszs.walbrzych.pl\/wp-content\/uploads\/2021\/03\/163170377_1061244404384545_21147182415977098_n-300x300.jpg 300w, https:\/\/zszs.walbrzych.pl\/zszs.walbrzych.pl\/wp-content\/uploads\/2021\/03\/163170377_1061244404384545_21147182415977098_n-1024x1024.jpg 1024w, https:\/\/zszs.walbrzych.pl\/zszs.walbrzych.pl\/wp-content\/uploads\/2021\/03\/163170377_1061244404384545_21147182415977098_n-150x150.jpg 150w, https:\/\/zszs.walbrzych.pl\/zszs.walbrzych.pl\/wp-content\/uploads\/2021\/03\/163170377_1061244404384545_21147182415977098_n-768x768.jpg 768w, https:\/\/zszs.walbrzych.pl\/zszs.walbrzych.pl\/wp-content\/uploads\/2021\/03\/163170377_1061244404384545_21147182415977098_n-1536x1536.jpg 1536w, https:\/\/zszs.walbrzych.pl\/zszs.walbrzych.pl\/wp-content\/uploads\/2021\/03\/163170377_1061244404384545_21147182415977098_n-1080x1080.jpg 1080w, https:\/\/zszs.walbrzych.pl\/zszs.walbrzych.pl\/wp-content\/uploads\/2021\/03\/163170377_1061244404384545_21147182415977098_n.jpg 1600w\" sizes=\"auto, (max-width: 300px) 100vw, 300px\" \/> <img loading=\"lazy\" decoding=\"async\" class=\"alignnone size-medium wp-image-548\" src=\"https:\/\/zszs.walbrzych.pl\/zszs.walbrzych.pl\/wp-content\/uploads\/2021\/03\/163139395_235573754920803_1851624511528752107_n-300x300.jpg\" alt=\"\" width=\"300\" height=\"300\" srcset=\"https:\/\/zszs.walbrzych.pl\/zszs.walbrzych.pl\/wp-content\/uploads\/2021\/03\/163139395_235573754920803_1851624511528752107_n-300x300.jpg 300w, https:\/\/zszs.walbrzych.pl\/zszs.walbrzych.pl\/wp-content\/uploads\/2021\/03\/163139395_235573754920803_1851624511528752107_n-1024x1024.jpg 1024w, https:\/\/zszs.walbrzych.pl\/zszs.walbrzych.pl\/wp-content\/uploads\/2021\/03\/163139395_235573754920803_1851624511528752107_n-150x150.jpg 150w, https:\/\/zszs.walbrzych.pl\/zszs.walbrzych.pl\/wp-content\/uploads\/2021\/03\/163139395_235573754920803_1851624511528752107_n-768x768.jpg 768w, https:\/\/zszs.walbrzych.pl\/zszs.walbrzych.pl\/wp-content\/uploads\/2021\/03\/163139395_235573754920803_1851624511528752107_n-1536x1536.jpg 1536w, https:\/\/zszs.walbrzych.pl\/zszs.walbrzych.pl\/wp-content\/uploads\/2021\/03\/163139395_235573754920803_1851624511528752107_n-1080x1080.jpg 1080w, https:\/\/zszs.walbrzych.pl\/zszs.walbrzych.pl\/wp-content\/uploads\/2021\/03\/163139395_235573754920803_1851624511528752107_n.jpg 1600w\" sizes=\"auto, (max-width: 300px) 100vw, 300px\" \/><\/div>\n<\/div>\n","protected":false},"excerpt":{"rendered":"<p>21 MARCA to Pierwszy Dzie\u0144 Wiosny! Ale tego dnia obchodzimy r\u00f3wnie\u017c Mi\u0119dzynarodowe \u015awi\u0119to Os\u00f3b z Zespo\u0142em Downa \u2764\u2764\u2764\u2764\u2764\u2764\u2764 Ten niecodzienny gest ma na celu podkre\u015blenie odr\u0119bno\u015bci, z kt\u00f3rej poczuciem na co dzie\u0144 zmagaj\u0105 si\u0119 osoby z t\u0105 wad\u0105 genetyczn\u0105. Kolorowe skarpetki na naszych stopach s\u0105 wyrazem rado\u015bci z kalendarzowej wiosny oraz tolerancji i solidarno\u015bci z [&hellip;]<\/p>\n","protected":false},"author":2,"featured_media":0,"comment_status":"closed","ping_status":"closed","sticky":false,"template":"","format":"standard","meta":{"footnotes":""},"categories":[10,11,12,9,13],"tags":[],"class_list":["post-544","post","type-post","status-publish","format-standard","hentry","category-dla-rodzicow","category-dla-uczniow","category-galeria","category-news","category-o-szkole"],"_links":{"self":[{"href":"https:\/\/zszs.walbrzych.pl\/zszs.walbrzych.pl\/wp-json\/wp\/v2\/posts\/544","targetHints":{"allow":["GET"]}}],"collection":[{"href":"https:\/\/zszs.walbrzych.pl\/zszs.walbrzych.pl\/wp-json\/wp\/v2\/posts"}],"about":[{"href":"https:\/\/zszs.walbrzych.pl\/zszs.walbrzych.pl\/wp-json\/wp\/v2\/types\/post"}],"author":[{"embeddable":true,"href":"https:\/\/zszs.walbrzych.pl\/zszs.walbrzych.pl\/wp-json\/wp\/v2\/users\/2"}],"replies":[{"embeddable":true,"href":"https:\/\/zszs.walbrzych.pl\/zszs.walbrzych.pl\/wp-json\/wp\/v2\/comments?post=544"}],"version-history":[{"count":4,"href":"https:\/\/zszs.walbrzych.pl\/zszs.walbrzych.pl\/wp-json\/wp\/v2\/posts\/544\/revisions"}],"predecessor-version":[{"id":617,"href":"https:\/\/zszs.walbrzych.pl\/zszs.walbrzych.pl\/wp-json\/wp\/v2\/posts\/544\/revisions\/617"}],"wp:attachment":[{"href":"https:\/\/zszs.walbrzych.pl\/zszs.walbrzych.pl\/wp-json\/wp\/v2\/media?parent=544"}],"wp:term":[{"taxonomy":"category","embeddable":true,"href":"https:\/\/zszs.walbrzych.pl\/zszs.walbrzych.pl\/wp-json\/wp\/v2\/categories?post=544"},{"taxonomy":"post_tag","embeddable":true,"href":"https:\/\/zszs.walbrzych.pl\/zszs.walbrzych.pl\/wp-json\/wp\/v2\/tags?post=544"}],"curies":[{"name":"wp","href":"https:\/\/api.w.org\/{rel}","templated":true}]}}