{"id":315,"date":"2019-12-04T09:59:51","date_gmt":"2019-12-04T09:59:51","guid":{"rendered":"https:\/\/zszs.walbrzych.pl\/zszs.walbrzych.pl\/?p=315"},"modified":"2020-02-19T14:41:22","modified_gmt":"2020-02-19T14:41:22","slug":"barborka-04-12-2019","status":"publish","type":"post","link":"https:\/\/zszs.walbrzych.pl\/zszs.walbrzych.pl\/2019\/12\/04\/barborka-04-12-2019\/","title":{"rendered":"Barb\u00f3rka 04.12.2019"},"content":{"rendered":"<p>W dniu \u015awi\u0119tej Barbary z Nikomedii ( patronki trudnej pracy) uczniowie naszej szko\u0142y wzi\u0119li\u00a0 udzia\u0142 w obchodach \u015awi\u0119ta G\u00f3rnika. W\u00a0 po\u0142udnie we wspomnienie \u015bw. Barbary, patronki g\u00f3rnik\u00f3w uczestniczyli\u015bmy we Mszy \u015bw. w intencji g\u00f3rnik\u00f3w, ich rodzin oraz zmar\u0142ych pracownik\u00f3w kopalni w Wa\u0142brzychu. Kolejn\u0105 cz\u0119\u015bci\u0105 oficjalnych obchod\u00f3w by\u0142a Parada G\u00f3rnicza pod Pomnik Pami\u0119ci G\u00f3rnictwa Wa\u0142brzyskiego, gdzie uczniowie naszej szko\u0142y z\u0142o\u017cyli pi\u0119kny wieniec chc\u0105c upami\u0119tni\u0107 ca\u0142e pokolenia g\u00f3rnik\u00f3w, ale tak\u017ce tych, kt\u00f3rzy polegli w miejscu pracy i w ostatnim czasie przeszli na wieczn\u0105 szycht\u0119.<\/p>\n<p><img loading=\"lazy\" decoding=\"async\" class=\"alignnone size-medium wp-image-316\" src=\"https:\/\/zszs.walbrzych.pl\/zszs.walbrzych.pl\/wp-content\/uploads\/2020\/02\/85049207_1381496962040123_5211733412565483520_n-300x300.jpg\" alt=\"\" width=\"300\" height=\"300\" srcset=\"https:\/\/zszs.walbrzych.pl\/zszs.walbrzych.pl\/wp-content\/uploads\/2020\/02\/85049207_1381496962040123_5211733412565483520_n-300x300.jpg 300w, https:\/\/zszs.walbrzych.pl\/zszs.walbrzych.pl\/wp-content\/uploads\/2020\/02\/85049207_1381496962040123_5211733412565483520_n-150x150.jpg 150w, https:\/\/zszs.walbrzych.pl\/zszs.walbrzych.pl\/wp-content\/uploads\/2020\/02\/85049207_1381496962040123_5211733412565483520_n-768x768.jpg 768w, https:\/\/zszs.walbrzych.pl\/zszs.walbrzych.pl\/wp-content\/uploads\/2020\/02\/85049207_1381496962040123_5211733412565483520_n.jpg 960w\" sizes=\"auto, (max-width: 300px) 100vw, 300px\" \/><\/p>\n","protected":false},"excerpt":{"rendered":"<p>W dniu \u015awi\u0119tej Barbary z Nikomedii ( patronki trudnej pracy) uczniowie naszej szko\u0142y wzi\u0119li\u00a0 udzia\u0142 w obchodach \u015awi\u0119ta G\u00f3rnika. W\u00a0 po\u0142udnie we wspomnienie \u015bw. Barbary, patronki g\u00f3rnik\u00f3w uczestniczyli\u015bmy we Mszy \u015bw. w intencji g\u00f3rnik\u00f3w, ich rodzin oraz zmar\u0142ych pracownik\u00f3w kopalni w Wa\u0142brzychu. Kolejn\u0105 cz\u0119\u015bci\u0105 oficjalnych obchod\u00f3w by\u0142a Parada G\u00f3rnicza pod Pomnik Pami\u0119ci G\u00f3rnictwa Wa\u0142brzyskiego, gdzie [&hellip;]<\/p>\n","protected":false},"author":2,"featured_media":0,"comment_status":"closed","ping_status":"closed","sticky":false,"template":"","format":"standard","meta":{"footnotes":""},"categories":[12,9,1],"tags":[],"class_list":["post-315","post","type-post","status-publish","format-standard","hentry","category-galeria","category-news","category-uncategorized"],"_links":{"self":[{"href":"https:\/\/zszs.walbrzych.pl\/zszs.walbrzych.pl\/wp-json\/wp\/v2\/posts\/315","targetHints":{"allow":["GET"]}}],"collection":[{"href":"https:\/\/zszs.walbrzych.pl\/zszs.walbrzych.pl\/wp-json\/wp\/v2\/posts"}],"about":[{"href":"https:\/\/zszs.walbrzych.pl\/zszs.walbrzych.pl\/wp-json\/wp\/v2\/types\/post"}],"author":[{"embeddable":true,"href":"https:\/\/zszs.walbrzych.pl\/zszs.walbrzych.pl\/wp-json\/wp\/v2\/users\/2"}],"replies":[{"embeddable":true,"href":"https:\/\/zszs.walbrzych.pl\/zszs.walbrzych.pl\/wp-json\/wp\/v2\/comments?post=315"}],"version-history":[{"count":3,"href":"https:\/\/zszs.walbrzych.pl\/zszs.walbrzych.pl\/wp-json\/wp\/v2\/posts\/315\/revisions"}],"predecessor-version":[{"id":319,"href":"https:\/\/zszs.walbrzych.pl\/zszs.walbrzych.pl\/wp-json\/wp\/v2\/posts\/315\/revisions\/319"}],"wp:attachment":[{"href":"https:\/\/zszs.walbrzych.pl\/zszs.walbrzych.pl\/wp-json\/wp\/v2\/media?parent=315"}],"wp:term":[{"taxonomy":"category","embeddable":true,"href":"https:\/\/zszs.walbrzych.pl\/zszs.walbrzych.pl\/wp-json\/wp\/v2\/categories?post=315"},{"taxonomy":"post_tag","embeddable":true,"href":"https:\/\/zszs.walbrzych.pl\/zszs.walbrzych.pl\/wp-json\/wp\/v2\/tags?post=315"}],"curies":[{"name":"wp","href":"https:\/\/api.w.org\/{rel}","templated":true}]}}