{"id":228,"date":"2018-11-19T08:51:07","date_gmt":"2018-11-19T08:51:07","guid":{"rendered":"https:\/\/zszs.walbrzych.pl\/zszs.walbrzych.pl\/?p=228"},"modified":"2018-11-20T09:29:10","modified_gmt":"2018-11-20T09:29:10","slug":"o-szkole","status":"publish","type":"post","link":"https:\/\/zszs.walbrzych.pl\/zszs.walbrzych.pl\/2018\/11\/19\/o-szkole\/","title":{"rendered":"O szkole"},"content":{"rendered":"<p>[et_pb_section bb_built=&#8221;1&#8243;][et_pb_row][et_pb_column type=&#8221;4_4&#8243;][et_pb_text _builder_version=&#8221;3.0.86&#8243; background_layout=&#8221;light&#8221;]<\/p>\n<h3 style=\"text-align: center;\"><span style=\"color: #339966;\">Dzi\u0119ki wsparciu i akceptacji Prezydenta Miasta Wa\u0142brzycha Pana dra Romana Sze\u0142emeja\u00a0oraz\u00a0Radnych Miasta Wa\u0142brzycha\u00a0zako\u0144czono prace remontowe budynku przy ul. Mickiewicza\u00a0 24,\u00a0gdzie aktualnie znajduj\u0105 si\u0119:<\/span><\/h3>\n<p>&nbsp;<\/p>\n<ul>\n<li>Zesp\u00f3\u0142 Szk\u00f3\u0142 Zawodowych Specjalnych<\/li>\n<li>Warsztaty Terapii Zaj\u0119ciowej<\/li>\n<li>Stowarzyszenie Dzieci i Rodzin Zasadniczej Szko\u0142y Zawodowej Specjalnej<\/li>\n<li>Zak\u0142ad Aktywno\u015bci Zawodowej- Zak\u0142ad Us\u0142ugowy \u201eNadzieja\u201d<\/li>\n<\/ul>\n<p>[\/et_pb_text][et_pb_text _builder_version=&#8221;3.0.86&#8243; background_layout=&#8221;light&#8221;]<\/p>\n<h3><strong><img loading=\"lazy\" decoding=\"async\" class=\"aligncenter wp-image-231 size-full\" src=\"https:\/\/zszs.walbrzych.pl\/zszs.walbrzych.pl\/wp-content\/uploads\/2018\/11\/1-budynek.png\" alt=\"\" width=\"979\" height=\"466\" srcset=\"https:\/\/zszs.walbrzych.pl\/zszs.walbrzych.pl\/wp-content\/uploads\/2018\/11\/1-budynek.png 979w, https:\/\/zszs.walbrzych.pl\/zszs.walbrzych.pl\/wp-content\/uploads\/2018\/11\/1-budynek-300x143.png 300w, https:\/\/zszs.walbrzych.pl\/zszs.walbrzych.pl\/wp-content\/uploads\/2018\/11\/1-budynek-768x366.png 768w\" sizes=\"auto, (max-width: 979px) 100vw, 979px\" \/><\/strong><\/h3>\n<h3 style=\"text-align: center;\"><strong>Zesp\u00f3\u0142 Szk\u00f3\u0142 Zawodowych Specjalnych w Wa\u0142brzychu<\/strong><\/h3>\n<ul>\n<li>Bran\u017cowa Szko\u0142a Specjalna I stopniaz oddzia\u0142ami Zasadniczej Szko\u0142y Zawodowej Specjalnej<\/li>\n<li>Szko\u0142a Specjalna Przysposabiaj\u0105ca do Pracy<\/li>\n<\/ul>\n<h3 style=\"text-align: center;\"><strong>Dlaczego my?<\/strong><\/h3>\n<ul>\n<li>U nas dostaniesz wykszta\u0142cenie na naprawd\u0119 wysokim poziomie!<\/li>\n<li>Poszerzysz swoje horyzonty i zainteresowania!<\/li>\n<li>Oferujemy kierunki kszta\u0142cenia w zawodach ciesz\u0105cych si\u0119 du\u017cym zainteresowaniem!<\/li>\n<li>Wykszta\u0142cenie zdobyte w naszej szkole daje mo\u017cliwo\u015b\u0107 podj\u0119cia dobrze p\u0142atnej pracy!<\/li>\n<li>Otrzymasz solidne podstawy umo\u017cliwiaj\u0105ce bycie profesjonalist\u0105 w swoim zawodzie!<\/li>\n<\/ul>\n<h3 style=\"text-align: center;\">Zdob\u0119dziesz umiej\u0119tno\u015bci, kt\u00f3re pozwol\u0105 Ci na doskonalenie Twoich pasji i umiej\u0119tno\u015bci.<\/h3>\n<h3 style=\"text-align: center;\">Szukasz szko\u0142y, kt\u00f3ra nie stawia tylko na teori\u0119?<\/h3>\n<p>Masz okazj\u0119 doskonali\u0107\u00a0 swoje umiej\u0119tno\u015bci zawodowe w profesjonalnych zak\u0142adach pracy, a nawet podj\u0105\u0107 p\u0142atn\u0105 praktyk\u0119 zawodow\u0105.\u00a0Ponadto nasi uczniowie maj\u0105 mo\u017cliwo\u015b\u0107 brania udzia\u0142u w wielu programach pozarz\u0105dowych, co pozwala poszerza\u0107 horyzonty uczni\u00f3w, rozwija\u0107 i poznawa\u0107 nowe zainteresowania, nabywa\u0107 nowe i doskonali\u0107 dotychczasowe pasje i zdolno\u015bci, odwiedza\u0107 ciekawe miejsca.<\/p>\n<h3 style=\"text-align: center;\"><strong>Bran\u017cowa Szko\u0142a Specjalna I stopnia kszta\u0142ci na trzyletnich kierunkach:<\/strong><\/h3>\n<ul>\n<li>Kucharz<\/li>\n<li>Pracownik pomocniczy obs\u0142ugi hotelowej<\/li>\n<li>Blacharz samochodowy<\/li>\n<li>Murarz- tynkarz<\/li>\n<li>Kamieniarz<\/li>\n<li>Monter zabudowy rob\u00f3t wyko\u0144czeniowych w budownictwie<\/li>\n<li>Piekarz<\/li>\n<li>Cukiernik<\/li>\n<li>Stolarz<\/li>\n<li>Ogrodnik<\/li>\n<li>Krawiec<\/li>\n<\/ul>\n<p>Praktyka zawodowa i wiedza zdobyta na zaj\u0119ciach lekcyjnych umo\u017cliwia naszym absolwentom podj\u0119cie pracy w wyuczonym\u00a0zawodzie nie tylko w Wa\u0142brzychu, ale r\u00f3wnie\u017c w o\u015bciennych miejscowo\u015bciach mi\u0119dzy innymi w: Lubawce, Wroc\u0142awiu, Czarnym Borze, Kamiennej G\u00f3rze.\u00a0Staramy si\u0119 organizowa\u0107 p\u0142atne praktyki zawodowe dla wszystkich kierunk\u00f3w.<\/p>\n<h3 style=\"text-align: center;\">Szko\u0142a Specjalna Przysposabiaj\u0105ca do Pracy<\/h3>\n<p><u><\/u>przygotowuje uczni\u00f3w do doros\u0142o\u015bci, w tym w praktycznym przysposobieniu do podj\u0119cia zatrudnienia na chronionym\u00a0 \u00a0i otwartym rynku pracy. Zgodnie z programem nauczania uczniowie uczestnicz\u0105 w praktykach wspomaganych.<\/p>\n<h3 style=\"text-align: center;\">Szukasz szko\u0142y, kt\u00f3ra\u00a0 stawia nie tylko na teori\u0119?<\/h3>\n<h3 style=\"text-align: center;\">Masz okazj\u0119 doskonali\u0107 swoje umiej\u0119tno\u015bci\u00a0 zawodowe w profesjonalnych zak\u0142adach pracy, a nawet podj\u0105\u0107 p\u0142atn\u0105,\u00a0praktyczn\u0105 nauk\u0119 zawodu.<\/h3>\n<h3 style=\"text-align: center;\">Wszechstronny rozw\u00f3j umo\u017cliwiaj\u0105 uczniom profesjonalnie wyposa\u017cone pracownie przedmiot\u00f3w zawodowych i og\u00f3lnokszta\u0142c\u0105cych.<\/h3>\n<div id=\"attachment_232\" style=\"width: 989px\" class=\"wp-caption aligncenter\"><img loading=\"lazy\" decoding=\"async\" aria-describedby=\"caption-attachment-232\" class=\"wp-image-232 size-full\" src=\"https:\/\/zszs.walbrzych.pl\/zszs.walbrzych.pl\/wp-content\/uploads\/2018\/11\/2-klasa.png\" alt=\"\" width=\"979\" height=\"672\" srcset=\"https:\/\/zszs.walbrzych.pl\/zszs.walbrzych.pl\/wp-content\/uploads\/2018\/11\/2-klasa.png 979w, https:\/\/zszs.walbrzych.pl\/zszs.walbrzych.pl\/wp-content\/uploads\/2018\/11\/2-klasa-300x206.png 300w, https:\/\/zszs.walbrzych.pl\/zszs.walbrzych.pl\/wp-content\/uploads\/2018\/11\/2-klasa-768x527.png 768w\" sizes=\"auto, (max-width: 979px) 100vw, 979px\" \/><p id=\"caption-attachment-232\" class=\"wp-caption-text\">Zg\u0142\u0119bianie tajnik\u00f3w wiedzy u\u0142atwiaj\u0105 profesjonalne pracownie multimedialne.<\/p><\/div>\n<p>&nbsp;<\/p>\n<div id=\"attachment_233\" style=\"width: 795px\" class=\"wp-caption aligncenter\"><img loading=\"lazy\" decoding=\"async\" aria-describedby=\"caption-attachment-233\" class=\"wp-image-233 size-full\" src=\"https:\/\/zszs.walbrzych.pl\/zszs.walbrzych.pl\/wp-content\/uploads\/2018\/11\/3-straz.png\" alt=\"\" width=\"785\" height=\"650\" srcset=\"https:\/\/zszs.walbrzych.pl\/zszs.walbrzych.pl\/wp-content\/uploads\/2018\/11\/3-straz.png 785w, https:\/\/zszs.walbrzych.pl\/zszs.walbrzych.pl\/wp-content\/uploads\/2018\/11\/3-straz-300x248.png 300w, https:\/\/zszs.walbrzych.pl\/zszs.walbrzych.pl\/wp-content\/uploads\/2018\/11\/3-straz-768x636.png 768w\" sizes=\"auto, (max-width: 785px) 100vw, 785px\" \/><p id=\"caption-attachment-233\" class=\"wp-caption-text\">W szkole mo\u017cna\u00a0 rozwija\u0107 zainteresowania zwi\u0105zane\u00a0z zawodem i nie tylko. Mo\u017cna bra\u0107 udzia\u0142 w r\u00f3\u017cnorodnych zaj\u0119ciach.<\/p><\/div>\n<p>&nbsp;<\/p>\n<div id=\"attachment_235\" style=\"width: 310px\" class=\"wp-caption aligncenter\"><img loading=\"lazy\" decoding=\"async\" aria-describedby=\"caption-attachment-235\" class=\"wp-image-235 size-medium\" src=\"https:\/\/zszs.walbrzych.pl\/zszs.walbrzych.pl\/wp-content\/uploads\/2018\/11\/5-wycieczka-300x242.png\" alt=\"\" width=\"300\" height=\"242\" srcset=\"https:\/\/zszs.walbrzych.pl\/zszs.walbrzych.pl\/wp-content\/uploads\/2018\/11\/5-wycieczka-300x242.png 300w, https:\/\/zszs.walbrzych.pl\/zszs.walbrzych.pl\/wp-content\/uploads\/2018\/11\/5-wycieczka.png 593w\" sizes=\"auto, (max-width: 300px) 100vw, 300px\" \/><p id=\"caption-attachment-235\" class=\"wp-caption-text\">Z nami prze\u017cyjesz niesamowite chwile podczas wielu wycieczek.<\/p><\/div>\n<div id=\"attachment_234\" style=\"width: 310px\" class=\"wp-caption aligncenter\"><img loading=\"lazy\" decoding=\"async\" aria-describedby=\"caption-attachment-234\" class=\"wp-image-234 size-medium\" src=\"https:\/\/zszs.walbrzych.pl\/zszs.walbrzych.pl\/wp-content\/uploads\/2018\/11\/4-wycieczka-300x264.png\" alt=\"\" width=\"300\" height=\"264\" srcset=\"https:\/\/zszs.walbrzych.pl\/zszs.walbrzych.pl\/wp-content\/uploads\/2018\/11\/4-wycieczka-300x264.png 300w, https:\/\/zszs.walbrzych.pl\/zszs.walbrzych.pl\/wp-content\/uploads\/2018\/11\/4-wycieczka.png 545w\" sizes=\"auto, (max-width: 300px) 100vw, 300px\" \/><p id=\"caption-attachment-234\" class=\"wp-caption-text\">Z nami prze\u017cyjesz niesamowite chwile podczas wielu wycieczek.<\/p><\/div>\n<h3><\/h3>\n<h3 style=\"text-align: center;\">Nasza Szko\u0142a wsp\u00f3\u0142pracuje\u00a0 z nast\u0119puj\u0105cymi <u>Organizacjami Pozarz\u0105dowymi:<\/u><\/h3>\n<ul>\n<li>Dolno\u015bl\u0105skim Stowarzyszeniem Os\u00f3b Niepe\u0142nosprawnych<\/li>\n<li>Stowarzyszeniem Dzieci i Rodzin Zasadniczej Szko\u0142y Zawodowej Specjalnej w Wa\u0142brzychu<\/li>\n<li>Fundacj\u0105 Wa\u0142brzych 2000<\/li>\n<li>Polskim Zwi\u0105zkiem Os\u00f3b Niewidomych i Niedowidz\u0105cych ko\u0142o G\u0142uszyca<\/li>\n<\/ul>\n<h3 style=\"text-align: center;\"><u>oraz rz\u0105dowymi: <\/u><\/h3>\n<ul>\n<li>Urz\u0105d Marsza\u0142kowski<\/li>\n<li>Urz\u0105d Wojew\u00f3dzki<\/li>\n<\/ul>\n<h3 style=\"text-align: center;\">Od wielu lat przy naszej szkole dzia\u0142a Stowarzyszenie Dzieci i Rodzin Zasadniczej Szko\u0142y Zawodowej Specjalnej, kt\u00f3re organizuje liczne imprezy \u015brodowiskowe, kulturalne, integracyjne i edukacyjne.<\/h3>\n<p style=\"text-align: center;\">Stowarzyszenie wspiera absolwent\u00f3w w podejmowaniu dzia\u0142a\u0144 zwi\u0105zanych z poszukiwaniem pracy.\u00a0Stowarzyszenie redaguje wnioski do r\u00f3\u017cnorodnych\u00a0 instytucji, pozyskuj\u0105c tym samym \u015brodki na aktywizacj\u0119 zawodow\u0105 naszych uczni\u00f3w i absolwent\u00f3w.\u00a0Ponadto zdobyte \u015brodki s\u0105 przeznaczane na organizacj\u0119 wycieczek,\u00a0 wyjazd\u00f3w o charakterze wypoczynkowym i terapeutycznym.<\/p>\n<h3 style=\"text-align: center;\">Przy Stowarzyszeniu funkcjonuj\u0105 r\u00f3wnie\u017c Warsztaty Terapii Zaj\u0119ciowej, kt\u00f3rych g\u0142\u00f3wnym celem jest rehabilitacja spo\u0142eczno-zawodowa.<\/h3>\n<div id=\"attachment_236\" style=\"width: 789px\" class=\"wp-caption aligncenter\"><img loading=\"lazy\" decoding=\"async\" aria-describedby=\"caption-attachment-236\" class=\"wp-image-236 size-full\" src=\"https:\/\/zszs.walbrzych.pl\/zszs.walbrzych.pl\/wp-content\/uploads\/2018\/11\/6-warszaty.png\" alt=\"\" width=\"779\" height=\"604\" srcset=\"https:\/\/zszs.walbrzych.pl\/zszs.walbrzych.pl\/wp-content\/uploads\/2018\/11\/6-warszaty.png 779w, https:\/\/zszs.walbrzych.pl\/zszs.walbrzych.pl\/wp-content\/uploads\/2018\/11\/6-warszaty-300x233.png 300w, https:\/\/zszs.walbrzych.pl\/zszs.walbrzych.pl\/wp-content\/uploads\/2018\/11\/6-warszaty-768x595.png 768w\" sizes=\"auto, (max-width: 779px) 100vw, 779px\" \/><p id=\"caption-attachment-236\" class=\"wp-caption-text\">Warsztaty Terapii Zaj\u0119ciowej.<\/p><\/div>\n<p>Warsztaty Terapii Zaj\u0119ciowej realizuj\u0105 \u00a0indywidualne, autorskie programy rehabilitacji i terapii.\u00a0Daj\u0105 one uczestnikom mo\u017cliwo\u015b\u0107 rozwijania swoich umiej\u0119tno\u015bci spo\u0142ecznych i zawodowych w poszczeg\u00f3lnych kierunkach.<\/p>\n<h3 style=\"text-align: center;\">Warsztaty Terapii Zaj\u0119ciowej wsp\u00f3\u0142pracuj\u0105\u00a0 z:<\/h3>\n<ul>\n<li>organizacjami pozarz\u0105dowymi, dzia\u0142aj\u0105cymi w imieniu i na rzecz Os\u00f3b Niepe\u0142nosprawnych w zakresie rehabilitacji spo\u0142ecznej<\/li>\n<li>instytucjami dzia\u0142aj\u0105cymi na rzecz Os\u00f3b Niepe\u0142nosprawnych<\/li>\n<li>publiczn\u0105 administracj\u0105 samorz\u0105dow\u0105 i pa\u0144stwow\u0105<\/li>\n<li>pracodawcami, sponsorami<\/li>\n<li>innymi Warsztatami Terapii Zaj\u0119ciowej oraz \u015arodowiskowymi Domami Samopomocy.<\/li>\n<\/ul>\n<h3 style=\"text-align: center;\">Warsztaty Terapii Zaj\u0119ciowej organizuj\u0105 r\u00f3wnie\u017c dla uczestnik\u00f3w dodatkowe zaj\u0119cia i imprezy kulturalne:<\/h3>\n<ul>\n<li>Dzie\u0144 Godno\u015bci Osoby z Niepe\u0142nosprawno\u015bci\u0105 Intelektualn\u0105<\/li>\n<li>Festiwal Piosenki Os\u00f3b Niepe\u0142nosprawnych<\/li>\n<li>Forum Os\u00f3b Niepe\u0142nosprawnych<\/li>\n<li>Spotkania wigilijne i wielkanocne<\/li>\n<li>Wycieczki rekreacyjno \u2013 krajoznawcze<\/li>\n<\/ul>\n<h3 style=\"text-align: center;\">a tak\u017ce:<\/h3>\n<ul>\n<li>bale, zabawy,<\/li>\n<li>imprezy okoliczno\u015bciowe i spotkania integracyjne oraz wyj\u015bcia do r\u00f3\u017cnych instytucji dzia\u0142aj\u0105cych na terenie miasta Wa\u0142brzycha.<\/li>\n<\/ul>\n<h3 style=\"text-align: center;\">Zesp\u00f3\u0142 Szk\u00f3\u0142 Zawodowych Specjalnych wraz z Warsztatami Terapii Zaj\u0119ciowej i Stowarzyszeniem Dzieci i Rodzin Zasadniczej Szko\u0142y Zawodowej Specjalnej organizuje cyklicznie:<\/h3>\n<ul>\n<li>Mi\u0119dzyszkolny Integracyjny Konkurs Recytatorski<\/li>\n<li>Andrzejko \u2013 Miko\u0142ajki<\/li>\n<li>Wa\u0142brzyski Integracyjny Konkurs Pi\u0119knego Czytania<\/li>\n<li>Integracyjn\u0105 Biesiad\u0119 Jesienn\u0105<\/li>\n<li>Forum Os\u00f3b Niepe\u0142nosprawnych<\/li>\n<li>Festiwal Piosenki Os\u00f3b Niepe\u0142nosprawnych<\/li>\n<\/ul>\n<p>Stowarzyszenie Dzieci i Rodzin Zasadniczej Szko\u0142y Zawodowej Specjalnej w Wa\u0142brzychu \u00a0utworzy\u0142o i uruchomi\u0142o 14 lutego 2014 r. przy ul. Mickiewicza 24 w Wa\u0142brzychu, pierwszy\u00a0\u00a0\u00a0w powiecie wa\u0142brzyskim Zak\u0142ad Aktywno\u015bci Zawodowej- Zak\u0142ad Us\u0142ugowy \u201eNadzieja\u201d,\u00a0\u00a0 w kt\u00f3rym jest mo\u017cliwo\u015b\u0107 podj\u0119cia pracy.<\/p>\n<h3 style=\"text-align: center;\">Pracownikami ZAZ s\u0105 g\u0142\u00f3wnie:<\/h3>\n<ul>\n<li>absolwenci Zasadniczej Szko\u0142y Zawodowej z niepe\u0142nosprawno\u015bci\u0105 intelektualn\u0105 w stopniu lekkim<\/li>\n<li>absolwenci Szko\u0142y Specjalnej Przysposabiaj\u0105cej do Pracy z niepe\u0142nosprawno\u015bci\u0105 intelektualn\u0105 w stopniu umiarkowanym lub znacznym<\/li>\n<li>absolwenci Warsztat\u00f3w Terapii Zaj\u0119ciowej przy ul. Mickiewicza 24.<\/li>\n<\/ul>\n<h3 style=\"text-align: center;\">Pracownicy \u015bwiadcz\u0105 us\u0142ugi w zakresie:<\/h3>\n<ul>\n<li>prania<\/li>\n<li>sprz\u0105tania<\/li>\n<\/ul>\n<h3 style=\"text-align: center;\">dla firm, wsp\u00f3lnot mieszkaniowych oraz podmiot\u00f3w indywidualnych.<\/h3>\n<div id=\"attachment_237\" style=\"width: 789px\" class=\"wp-caption aligncenter\"><img loading=\"lazy\" decoding=\"async\" aria-describedby=\"caption-attachment-237\" class=\"wp-image-237 size-full\" src=\"https:\/\/zszs.walbrzych.pl\/zszs.walbrzych.pl\/wp-content\/uploads\/2018\/11\/7-wstega.png\" alt=\"\" width=\"779\" height=\"514\" srcset=\"https:\/\/zszs.walbrzych.pl\/zszs.walbrzych.pl\/wp-content\/uploads\/2018\/11\/7-wstega.png 779w, https:\/\/zszs.walbrzych.pl\/zszs.walbrzych.pl\/wp-content\/uploads\/2018\/11\/7-wstega-300x198.png 300w, https:\/\/zszs.walbrzych.pl\/zszs.walbrzych.pl\/wp-content\/uploads\/2018\/11\/7-wstega-768x507.png 768w\" sizes=\"auto, (max-width: 779px) 100vw, 779px\" \/><p id=\"caption-attachment-237\" class=\"wp-caption-text\">Otwarcie &#8211; Zak\u0142ad Aktywno\u015bci Zawodowej.<\/p><\/div>\n<h3 style=\"text-align: center;\">Pierwszy w rejonie Zak\u0142ad Aktywno\u015bci Zawodowej prze\u0142amuje bariery aktywizacji zawodowej, otwiera i umo\u017cliwia wprowadzenie Os\u00f3b Niepe\u0142nosprawnych na otwarty rynek pracy.<\/h3>\n<p><strong>Us\u0142ugi pralnicze<\/strong> &#8211; nasza pralnia jest jednym z nowocze\u015bniejszych zak\u0142ad\u00f3w na terenie naszego miasta, oferujemy Pa\u0144stwu m. in.:<\/p>\n<ul>\n<li>us\u0142ug\u0119 prania i maglowania bielizny po\u015bcielowej<\/li>\n<li>us\u0142ug\u0119 prania i maglowania bielizny sto\u0142owej oraz fasonowej<\/li>\n<\/ul>\n<h3 style=\"text-align: center;\">Niekt\u00f3re us\u0142ugi w zakresie sprz\u0105tania:<\/h3>\n<ul>\n<li>bie\u017c\u0105ce utrzymanie czysto\u015bci w powierzonych obiektach (biurowych, us\u0142ugowych, magazynowych, produkcyjnych, mieszkalnych<br \/>\ni innych)<\/li>\n<li>mycie okien metodami tradycyjnymi<\/li>\n<li>mycie witryn, przeszkle\u0144, reklam<\/li>\n<li>konserwacja pod\u0142\u00f3g drewnianych, drewnopochodnych<\/li>\n<li>kompleksowe sprz\u0105tanie i doczyszczanie lokali po remoncie-budowie<\/li>\n<li>sprz\u0105tanie podjazd\u00f3w, plac\u00f3w, parking\u00f3w, teren\u00f3w zewn\u0119trznych<\/li>\n<\/ul>\n<h3 style=\"text-align: center;\">Absolwenci szko\u0142y po spe\u0142nieniu wymaga\u0144 maj\u0105 mo\u017cliwo\u015b\u0107 ucz\u0119szcza\u0107 na Warsztaty Terapii Zaj\u0119ciowej dzia\u0142aj\u0105ce\u00a0przy Stowarzyszeniu Dzieci i Rodzin Zasadniczej Szko\u0142y Zawodowej Specjalnej, znajduj\u0105ce si\u0119 w tym samym budynku, po uko\u0144czeniu rehabilitacji maj\u0105 mo\u017cliwo\u015b\u0107 podj\u0119cia pracy w Zak\u0142adzie Aktywno\u015bci Zawodowej, a w nast\u0119pnym etapie podj\u0119cie pracy na otwartym rynku pracy.<\/h3>\n<p>&nbsp;<\/p>\n<h3 style=\"text-align: center;\">Zaciekawi\u0142a Ci\u0119 nasza oferta?<\/h3>\n<h3 style=\"text-align: center;\">Odwied\u017a nas! Dowiesz si\u0119 wi\u0119cej&#8230;<\/h3>\n<p>&nbsp;<\/p>\n<p>[\/et_pb_text][\/et_pb_column][\/et_pb_row][\/et_pb_section]<\/p>\n","protected":false},"excerpt":{"rendered":"<p>[et_pb_section bb_built=&#8221;1&#8243;][et_pb_row][et_pb_column type=&#8221;4_4&#8243;][et_pb_text _builder_version=&#8221;3.0.86&#8243; background_layout=&#8221;light&#8221;] Dzi\u0119ki wsparciu i akceptacji Prezydenta Miasta Wa\u0142brzycha Pana dra Romana Sze\u0142emeja\u00a0oraz\u00a0Radnych Miasta Wa\u0142brzycha\u00a0zako\u0144czono prace remontowe budynku przy ul. Mickiewicza\u00a0 24,\u00a0gdzie aktualnie znajduj\u0105 si\u0119: &nbsp; Zesp\u00f3\u0142 Szk\u00f3\u0142 Zawodowych Specjalnych Warsztaty Terapii Zaj\u0119ciowej Stowarzyszenie Dzieci i Rodzin Zasadniczej Szko\u0142y Zawodowej Specjalnej Zak\u0142ad Aktywno\u015bci Zawodowej- Zak\u0142ad Us\u0142ugowy \u201eNadzieja\u201d [\/et_pb_text][et_pb_text _builder_version=&#8221;3.0.86&#8243; background_layout=&#8221;light&#8221;] Zesp\u00f3\u0142 Szk\u00f3\u0142 [&hellip;]<\/p>\n","protected":false},"author":1,"featured_media":0,"comment_status":"closed","ping_status":"closed","sticky":false,"template":"","format":"standard","meta":{"footnotes":""},"categories":[13],"tags":[],"class_list":["post-228","post","type-post","status-publish","format-standard","hentry","category-o-szkole"],"_links":{"self":[{"href":"https:\/\/zszs.walbrzych.pl\/zszs.walbrzych.pl\/wp-json\/wp\/v2\/posts\/228","targetHints":{"allow":["GET"]}}],"collection":[{"href":"https:\/\/zszs.walbrzych.pl\/zszs.walbrzych.pl\/wp-json\/wp\/v2\/posts"}],"about":[{"href":"https:\/\/zszs.walbrzych.pl\/zszs.walbrzych.pl\/wp-json\/wp\/v2\/types\/post"}],"author":[{"embeddable":true,"href":"https:\/\/zszs.walbrzych.pl\/zszs.walbrzych.pl\/wp-json\/wp\/v2\/users\/1"}],"replies":[{"embeddable":true,"href":"https:\/\/zszs.walbrzych.pl\/zszs.walbrzych.pl\/wp-json\/wp\/v2\/comments?post=228"}],"version-history":[{"count":10,"href":"https:\/\/zszs.walbrzych.pl\/zszs.walbrzych.pl\/wp-json\/wp\/v2\/posts\/228\/revisions"}],"predecessor-version":[{"id":594,"href":"https:\/\/zszs.walbrzych.pl\/zszs.walbrzych.pl\/wp-json\/wp\/v2\/posts\/228\/revisions\/594"}],"wp:attachment":[{"href":"https:\/\/zszs.walbrzych.pl\/zszs.walbrzych.pl\/wp-json\/wp\/v2\/media?parent=228"}],"wp:term":[{"taxonomy":"category","embeddable":true,"href":"https:\/\/zszs.walbrzych.pl\/zszs.walbrzych.pl\/wp-json\/wp\/v2\/categories?post=228"},{"taxonomy":"post_tag","embeddable":true,"href":"https:\/\/zszs.walbrzych.pl\/zszs.walbrzych.pl\/wp-json\/wp\/v2\/tags?post=228"}],"curies":[{"name":"wp","href":"https:\/\/api.w.org\/{rel}","templated":true}]}}