{"id":1189,"date":"2024-02-23T11:14:58","date_gmt":"2024-02-23T11:14:58","guid":{"rendered":"https:\/\/zszs.walbrzych.pl\/zszs.walbrzych.pl\/?p=1189"},"modified":"2024-02-23T11:14:58","modified_gmt":"2024-02-23T11:14:58","slug":"swiatowy-dzien-walki-z-depresja-%f0%9f%96%a4%f0%9f%96%a4%f0%9f%96%a4","status":"publish","type":"post","link":"https:\/\/zszs.walbrzych.pl\/zszs.walbrzych.pl\/2024\/02\/23\/swiatowy-dzien-walki-z-depresja-%f0%9f%96%a4%f0%9f%96%a4%f0%9f%96%a4\/","title":{"rendered":"\u015awiatowy Dzie\u0144 Walki z Depresj\u0105 \ud83d\udda4\ud83d\udda4\ud83d\udda4"},"content":{"rendered":"<p>Dzisiaj 23 lutego obchodzimy \u015awiatowy Dzie\u0144 Walki z Depresj\u0105. Z tej okazji ca\u0142a spo\u0142eczno\u015b\u0107 szko\u0142y wzi\u0119\u0142a udzia\u0142 w dzia\u0142aniach profilaktycznych &#8220;Powiedz STOP depresji&#8221; oraz w apelu zorganizowanym w ramach kampanii pn. \u201e\u017ba\u0142oba, kt\u00f3rej nie by\u0142o\u201d w celu zwr\u00f3cenia uwagi na problem depresji w\u015br\u00f3d dzieci i m\u0142odzie\u017cy oraz upowszechnienie wiedzy na temat zaburze\u0144 depresyjnych, aby pom\u00f3c zmniejszy\u0107 stygmatyzacj\u0119 zwi\u0105zan\u0105 z t\u0105 chorob\u0105. Podczas dzisiejszego apelu w celu uwydatnienia rangi tematu zachowali\u015bmy powag\u0119 przez symboiliczn\u0105 minut\u0119 ciszy.<\/p>\n<p>&nbsp;<\/p>\n<p><img loading=\"lazy\" decoding=\"async\" class=\"alignnone size-medium wp-image-1190\" src=\"https:\/\/zszs.walbrzych.pl\/zszs.walbrzych.pl\/wp-content\/uploads\/2024\/02\/428387180_370375875808870_5675373607660351406_n-300x225.jpg\" alt=\"\" width=\"300\" height=\"225\" srcset=\"https:\/\/zszs.walbrzych.pl\/zszs.walbrzych.pl\/wp-content\/uploads\/2024\/02\/428387180_370375875808870_5675373607660351406_n-300x225.jpg 300w, https:\/\/zszs.walbrzych.pl\/zszs.walbrzych.pl\/wp-content\/uploads\/2024\/02\/428387180_370375875808870_5675373607660351406_n-1024x768.jpg 1024w, https:\/\/zszs.walbrzych.pl\/zszs.walbrzych.pl\/wp-content\/uploads\/2024\/02\/428387180_370375875808870_5675373607660351406_n-768x576.jpg 768w, https:\/\/zszs.walbrzych.pl\/zszs.walbrzych.pl\/wp-content\/uploads\/2024\/02\/428387180_370375875808870_5675373607660351406_n-1536x1152.jpg 1536w, https:\/\/zszs.walbrzych.pl\/zszs.walbrzych.pl\/wp-content\/uploads\/2024\/02\/428387180_370375875808870_5675373607660351406_n-510x382.jpg 510w, https:\/\/zszs.walbrzych.pl\/zszs.walbrzych.pl\/wp-content\/uploads\/2024\/02\/428387180_370375875808870_5675373607660351406_n-1080x810.jpg 1080w, https:\/\/zszs.walbrzych.pl\/zszs.walbrzych.pl\/wp-content\/uploads\/2024\/02\/428387180_370375875808870_5675373607660351406_n.jpg 2016w\" sizes=\"auto, (max-width: 300px) 100vw, 300px\" \/> <img loading=\"lazy\" decoding=\"async\" class=\"alignnone size-medium wp-image-1191\" src=\"https:\/\/zszs.walbrzych.pl\/zszs.walbrzych.pl\/wp-content\/uploads\/2024\/02\/428420873_362322116780521_7054474175091347851_n-300x225.jpg\" alt=\"\" width=\"300\" height=\"225\" srcset=\"https:\/\/zszs.walbrzych.pl\/zszs.walbrzych.pl\/wp-content\/uploads\/2024\/02\/428420873_362322116780521_7054474175091347851_n-300x225.jpg 300w, https:\/\/zszs.walbrzych.pl\/zszs.walbrzych.pl\/wp-content\/uploads\/2024\/02\/428420873_362322116780521_7054474175091347851_n-1024x768.jpg 1024w, https:\/\/zszs.walbrzych.pl\/zszs.walbrzych.pl\/wp-content\/uploads\/2024\/02\/428420873_362322116780521_7054474175091347851_n-768x576.jpg 768w, https:\/\/zszs.walbrzych.pl\/zszs.walbrzych.pl\/wp-content\/uploads\/2024\/02\/428420873_362322116780521_7054474175091347851_n-1536x1152.jpg 1536w, https:\/\/zszs.walbrzych.pl\/zszs.walbrzych.pl\/wp-content\/uploads\/2024\/02\/428420873_362322116780521_7054474175091347851_n-510x382.jpg 510w, https:\/\/zszs.walbrzych.pl\/zszs.walbrzych.pl\/wp-content\/uploads\/2024\/02\/428420873_362322116780521_7054474175091347851_n-1080x810.jpg 1080w, https:\/\/zszs.walbrzych.pl\/zszs.walbrzych.pl\/wp-content\/uploads\/2024\/02\/428420873_362322116780521_7054474175091347851_n.jpg 2016w\" sizes=\"auto, (max-width: 300px) 100vw, 300px\" \/> <img loading=\"lazy\" decoding=\"async\" class=\"alignnone size-medium wp-image-1192\" src=\"https:\/\/zszs.walbrzych.pl\/zszs.walbrzych.pl\/wp-content\/uploads\/2024\/02\/428316253_1361201504532306_7417976563026727268_n-300x225.jpg\" alt=\"\" width=\"300\" height=\"225\" srcset=\"https:\/\/zszs.walbrzych.pl\/zszs.walbrzych.pl\/wp-content\/uploads\/2024\/02\/428316253_1361201504532306_7417976563026727268_n-300x225.jpg 300w, https:\/\/zszs.walbrzych.pl\/zszs.walbrzych.pl\/wp-content\/uploads\/2024\/02\/428316253_1361201504532306_7417976563026727268_n-1024x768.jpg 1024w, https:\/\/zszs.walbrzych.pl\/zszs.walbrzych.pl\/wp-content\/uploads\/2024\/02\/428316253_1361201504532306_7417976563026727268_n-768x576.jpg 768w, https:\/\/zszs.walbrzych.pl\/zszs.walbrzych.pl\/wp-content\/uploads\/2024\/02\/428316253_1361201504532306_7417976563026727268_n-1536x1152.jpg 1536w, https:\/\/zszs.walbrzych.pl\/zszs.walbrzych.pl\/wp-content\/uploads\/2024\/02\/428316253_1361201504532306_7417976563026727268_n-510x382.jpg 510w, https:\/\/zszs.walbrzych.pl\/zszs.walbrzych.pl\/wp-content\/uploads\/2024\/02\/428316253_1361201504532306_7417976563026727268_n-1080x810.jpg 1080w, https:\/\/zszs.walbrzych.pl\/zszs.walbrzych.pl\/wp-content\/uploads\/2024\/02\/428316253_1361201504532306_7417976563026727268_n.jpg 2048w\" sizes=\"auto, (max-width: 300px) 100vw, 300px\" \/> <img loading=\"lazy\" decoding=\"async\" class=\"alignnone size-medium wp-image-1193\" src=\"https:\/\/zszs.walbrzych.pl\/zszs.walbrzych.pl\/wp-content\/uploads\/2024\/02\/428297372_369704225920966_744265970007279221_n-300x225.jpg\" alt=\"\" width=\"300\" height=\"225\" srcset=\"https:\/\/zszs.walbrzych.pl\/zszs.walbrzych.pl\/wp-content\/uploads\/2024\/02\/428297372_369704225920966_744265970007279221_n-300x225.jpg 300w, https:\/\/zszs.walbrzych.pl\/zszs.walbrzych.pl\/wp-content\/uploads\/2024\/02\/428297372_369704225920966_744265970007279221_n-1024x768.jpg 1024w, https:\/\/zszs.walbrzych.pl\/zszs.walbrzych.pl\/wp-content\/uploads\/2024\/02\/428297372_369704225920966_744265970007279221_n-768x576.jpg 768w, https:\/\/zszs.walbrzych.pl\/zszs.walbrzych.pl\/wp-content\/uploads\/2024\/02\/428297372_369704225920966_744265970007279221_n-1536x1152.jpg 1536w, https:\/\/zszs.walbrzych.pl\/zszs.walbrzych.pl\/wp-content\/uploads\/2024\/02\/428297372_369704225920966_744265970007279221_n-510x382.jpg 510w, https:\/\/zszs.walbrzych.pl\/zszs.walbrzych.pl\/wp-content\/uploads\/2024\/02\/428297372_369704225920966_744265970007279221_n-1080x810.jpg 1080w, https:\/\/zszs.walbrzych.pl\/zszs.walbrzych.pl\/wp-content\/uploads\/2024\/02\/428297372_369704225920966_744265970007279221_n.jpg 2048w\" sizes=\"auto, (max-width: 300px) 100vw, 300px\" \/><\/p>\n","protected":false},"excerpt":{"rendered":"<p>Dzisiaj 23 lutego obchodzimy \u015awiatowy Dzie\u0144 Walki z Depresj\u0105. Z tej okazji ca\u0142a spo\u0142eczno\u015b\u0107 szko\u0142y wzi\u0119\u0142a udzia\u0142 w dzia\u0142aniach profilaktycznych &#8220;Powiedz STOP depresji&#8221; oraz w apelu zorganizowanym w ramach kampanii pn. \u201e\u017ba\u0142oba, kt\u00f3rej nie by\u0142o\u201d w celu zwr\u00f3cenia uwagi na problem depresji w\u015br\u00f3d dzieci i m\u0142odzie\u017cy oraz upowszechnienie wiedzy na temat zaburze\u0144 depresyjnych, aby pom\u00f3c [&hellip;]<\/p>\n","protected":false},"author":2,"featured_media":0,"comment_status":"closed","ping_status":"closed","sticky":false,"template":"","format":"standard","meta":{"footnotes":""},"categories":[10,11,12,9,13,1],"tags":[],"class_list":["post-1189","post","type-post","status-publish","format-standard","hentry","category-dla-rodzicow","category-dla-uczniow","category-galeria","category-news","category-o-szkole","category-uncategorized"],"_links":{"self":[{"href":"https:\/\/zszs.walbrzych.pl\/zszs.walbrzych.pl\/wp-json\/wp\/v2\/posts\/1189","targetHints":{"allow":["GET"]}}],"collection":[{"href":"https:\/\/zszs.walbrzych.pl\/zszs.walbrzych.pl\/wp-json\/wp\/v2\/posts"}],"about":[{"href":"https:\/\/zszs.walbrzych.pl\/zszs.walbrzych.pl\/wp-json\/wp\/v2\/types\/post"}],"author":[{"embeddable":true,"href":"https:\/\/zszs.walbrzych.pl\/zszs.walbrzych.pl\/wp-json\/wp\/v2\/users\/2"}],"replies":[{"embeddable":true,"href":"https:\/\/zszs.walbrzych.pl\/zszs.walbrzych.pl\/wp-json\/wp\/v2\/comments?post=1189"}],"version-history":[{"count":1,"href":"https:\/\/zszs.walbrzych.pl\/zszs.walbrzych.pl\/wp-json\/wp\/v2\/posts\/1189\/revisions"}],"predecessor-version":[{"id":1194,"href":"https:\/\/zszs.walbrzych.pl\/zszs.walbrzych.pl\/wp-json\/wp\/v2\/posts\/1189\/revisions\/1194"}],"wp:attachment":[{"href":"https:\/\/zszs.walbrzych.pl\/zszs.walbrzych.pl\/wp-json\/wp\/v2\/media?parent=1189"}],"wp:term":[{"taxonomy":"category","embeddable":true,"href":"https:\/\/zszs.walbrzych.pl\/zszs.walbrzych.pl\/wp-json\/wp\/v2\/categories?post=1189"},{"taxonomy":"post_tag","embeddable":true,"href":"https:\/\/zszs.walbrzych.pl\/zszs.walbrzych.pl\/wp-json\/wp\/v2\/tags?post=1189"}],"curies":[{"name":"wp","href":"https:\/\/api.w.org\/{rel}","templated":true}]}}