{"id":1123,"date":"2023-09-03T14:43:29","date_gmt":"2023-09-03T14:43:29","guid":{"rendered":"https:\/\/zszs.walbrzych.pl\/zszs.walbrzych.pl\/?p=1123"},"modified":"2023-09-03T14:43:29","modified_gmt":"2023-09-03T14:43:29","slug":"rozpoczecie-roku-szkolnego-2","status":"publish","type":"post","link":"https:\/\/zszs.walbrzych.pl\/zszs.walbrzych.pl\/2023\/09\/03\/rozpoczecie-roku-szkolnego-2\/","title":{"rendered":"Rozpocz\u0119cie roku szkolnego"},"content":{"rendered":"<p>Serdecznie zapraszamy 04 wrze\u015bnia na uroczyste rozpocz\u0119cie roku szkolnego 2023\/2024.<\/p>\n<p>&#8211; klasy I &#8211; godzina 8.40 ( sala gimnastyczna)<br \/>\n&#8211; klasy II oraz III &#8211; godzina 9.15 ( swoje klasy)<\/p>\n<p>Do zobaczenia !<img loading=\"lazy\" decoding=\"async\" class=\"alignnone size-medium wp-image-1124\" src=\"https:\/\/zszs.walbrzych.pl\/zszs.walbrzych.pl\/wp-content\/uploads\/2023\/09\/rozpoczecie-roku-szkolnego-750x458-1-750x450-1-300x180.png\" alt=\"\" width=\"300\" height=\"180\" srcset=\"https:\/\/zszs.walbrzych.pl\/zszs.walbrzych.pl\/wp-content\/uploads\/2023\/09\/rozpoczecie-roku-szkolnego-750x458-1-750x450-1-300x180.png 300w, https:\/\/zszs.walbrzych.pl\/zszs.walbrzych.pl\/wp-content\/uploads\/2023\/09\/rozpoczecie-roku-szkolnego-750x458-1-750x450-1.png 750w\" sizes=\"auto, (max-width: 300px) 100vw, 300px\" \/><\/p>\n","protected":false},"excerpt":{"rendered":"<p>Serdecznie zapraszamy 04 wrze\u015bnia na uroczyste rozpocz\u0119cie roku szkolnego 2023\/2024. &#8211; klasy I &#8211; godzina 8.40 ( sala gimnastyczna) &#8211; klasy II oraz III &#8211; godzina 9.15 ( swoje klasy) Do zobaczenia !<\/p>\n","protected":false},"author":2,"featured_media":0,"comment_status":"closed","ping_status":"closed","sticky":false,"template":"","format":"standard","meta":{"footnotes":""},"categories":[10,11,12,9,13,1],"tags":[],"class_list":["post-1123","post","type-post","status-publish","format-standard","hentry","category-dla-rodzicow","category-dla-uczniow","category-galeria","category-news","category-o-szkole","category-uncategorized"],"_links":{"self":[{"href":"https:\/\/zszs.walbrzych.pl\/zszs.walbrzych.pl\/wp-json\/wp\/v2\/posts\/1123","targetHints":{"allow":["GET"]}}],"collection":[{"href":"https:\/\/zszs.walbrzych.pl\/zszs.walbrzych.pl\/wp-json\/wp\/v2\/posts"}],"about":[{"href":"https:\/\/zszs.walbrzych.pl\/zszs.walbrzych.pl\/wp-json\/wp\/v2\/types\/post"}],"author":[{"embeddable":true,"href":"https:\/\/zszs.walbrzych.pl\/zszs.walbrzych.pl\/wp-json\/wp\/v2\/users\/2"}],"replies":[{"embeddable":true,"href":"https:\/\/zszs.walbrzych.pl\/zszs.walbrzych.pl\/wp-json\/wp\/v2\/comments?post=1123"}],"version-history":[{"count":1,"href":"https:\/\/zszs.walbrzych.pl\/zszs.walbrzych.pl\/wp-json\/wp\/v2\/posts\/1123\/revisions"}],"predecessor-version":[{"id":1125,"href":"https:\/\/zszs.walbrzych.pl\/zszs.walbrzych.pl\/wp-json\/wp\/v2\/posts\/1123\/revisions\/1125"}],"wp:attachment":[{"href":"https:\/\/zszs.walbrzych.pl\/zszs.walbrzych.pl\/wp-json\/wp\/v2\/media?parent=1123"}],"wp:term":[{"taxonomy":"category","embeddable":true,"href":"https:\/\/zszs.walbrzych.pl\/zszs.walbrzych.pl\/wp-json\/wp\/v2\/categories?post=1123"},{"taxonomy":"post_tag","embeddable":true,"href":"https:\/\/zszs.walbrzych.pl\/zszs.walbrzych.pl\/wp-json\/wp\/v2\/tags?post=1123"}],"curies":[{"name":"wp","href":"https:\/\/api.w.org\/{rel}","templated":true}]}}