{"id":1085,"date":"2022-10-28T20:21:59","date_gmt":"2022-10-28T20:21:59","guid":{"rendered":"https:\/\/zszs.walbrzych.pl\/zszs.walbrzych.pl\/?p=1085"},"modified":"2022-11-18T20:30:59","modified_gmt":"2022-11-18T20:30:59","slug":"1085","status":"publish","type":"post","link":"https:\/\/zszs.walbrzych.pl\/zszs.walbrzych.pl\/2022\/10\/28\/1085\/","title":{"rendered":"XX Mi\u0119dzyszkolny Integracyjny Konkurs Recytatorski"},"content":{"rendered":"<p><strong>Wyniki XX Mi\u0119dzyszkolnego Integracyjnego Konkursu Recytatorskiego<\/strong><\/p>\n<p>&nbsp;<\/p>\n<p><strong><img loading=\"lazy\" decoding=\"async\" class=\"alignnone wp-image-1086\" src=\"https:\/\/zszs.walbrzych.pl\/zszs.walbrzych.pl\/wp-content\/uploads\/2022\/11\/sdddsd.jpg\" alt=\"\" width=\"216\" height=\"156\" \/> <img loading=\"lazy\" decoding=\"async\" class=\"alignnone wp-image-1087\" src=\"https:\/\/zszs.walbrzych.pl\/zszs.walbrzych.pl\/wp-content\/uploads\/2022\/11\/sddsdssdsd.png\" alt=\"\" width=\"233\" height=\"204\" \/> <img loading=\"lazy\" decoding=\"async\" class=\"alignnone wp-image-1088\" src=\"https:\/\/zszs.walbrzych.pl\/zszs.walbrzych.pl\/wp-content\/uploads\/2022\/11\/jsjsjsjsj.png\" alt=\"\" width=\"135\" height=\"147\" \/>XXV Dolno\u015bl\u0105ski Festiwal Nauki<\/strong><\/p>\n<p><strong>\u00a0<\/strong><\/p>\n<p>Wyniki XX Mi\u0119dzyszkolnego Integracyjnego Konkursu Recytatorskiego, kt\u00f3ry odby\u0142 si\u0119<\/p>\n<p>28 pa\u017adziernika 2022r.<\/p>\n<p>&nbsp;<\/p>\n<p><strong><u>Kategoria \u2013 szko\u0142a podstawowa klasy I-III<\/u><\/strong><\/p>\n<p>I miejsce \u2013 Franciszek Chchol, ZSP nr 5<\/p>\n<p>II miejsce \u2013 Dorota Korytkowska, PSP nr 28<\/p>\n<p>III miejsce \u2013 \u0141ucja Wojtyna, ZSM<\/p>\n<p>Wyr\u00f3\u017cnienie \u2013 Zuzanna Rutka, ZSP nr 5<\/p>\n<p>Antonina Trzci\u0144ska, PSP nr 28<\/p>\n<p>Zofia Cieplicka, GZSP w Czarnym Borze<\/p>\n<p>Pawe\u0142 Lechman, ZSP nr 7<\/p>\n<p><strong><u>Kategoria \u2013 szko\u0142a podstawowa klasy IV-VI<\/u><\/strong><\/p>\n<p>I miejsce \u2013 Hanna Blachnik, ZSP nr 6<\/p>\n<p>II miejsce \u2013 Viktoria Rasenko, ZSP nr 1<\/p>\n<p>III miejsce \u2013 Wiktoria Bernardyn, GZSP w Czarnym Borze<\/p>\n<p>Wyr\u00f3\u017cnienie \u2013 Aleksandra Nowak, GZSP w Czarnym Borze<\/p>\n<p>Paulina Berli\u0144ska, ZSP nr 6<\/p>\n<p><strong><u>Kategoria \u2013 szko\u0142a podstawowa klasy VII-VIII<\/u><\/strong><\/p>\n<p>I miejsce \u2013 Milena Szymula, PSP nr 26<\/p>\n<p>II miejsce \u2013 Barbara Chwa\u0142ek, ZSP nr 6<\/p>\n<p>III miejsce \u2013 Anna Fikus, ZSP nr 6<\/p>\n<p>Wyr\u00f3\u017cnienie \u2013 Aleksandra B\u0142aszczyk, ZSP nr 1<\/p>\n<p><strong><u>Kategoria \u2013 szko\u0142a ponadpodstawowa<\/u><\/strong><\/p>\n<p>I miejsce \u2013 Szymon Ruszkowski, ZSP \u201eEnergetyk\u201d<\/p>\n<p>Micha\u0142 Ko\u0142odziej, SSPdP<\/p>\n<p>II miejsce \u2013 Mateusz Prokop, SSPdP<\/p>\n<p>III miejsce \u2013 Nikola Szmit, ZS nr 5<\/p>\n<p>III miejsce \u2013 Adrian Pokojowczyk, ZSP \u201eEnergetyk\u201d<\/p>\n<p><img loading=\"lazy\" decoding=\"async\" class=\"alignnone size-medium wp-image-1089\" src=\"https:\/\/zszs.walbrzych.pl\/zszs.walbrzych.pl\/wp-content\/uploads\/2022\/11\/zz-300x300.jpg\" alt=\"\" width=\"300\" height=\"300\" srcset=\"https:\/\/zszs.walbrzych.pl\/zszs.walbrzych.pl\/wp-content\/uploads\/2022\/11\/zz-300x300.jpg 300w, https:\/\/zszs.walbrzych.pl\/zszs.walbrzych.pl\/wp-content\/uploads\/2022\/11\/zz-1024x1024.jpg 1024w, https:\/\/zszs.walbrzych.pl\/zszs.walbrzych.pl\/wp-content\/uploads\/2022\/11\/zz-150x150.jpg 150w, https:\/\/zszs.walbrzych.pl\/zszs.walbrzych.pl\/wp-content\/uploads\/2022\/11\/zz-768x768.jpg 768w, https:\/\/zszs.walbrzych.pl\/zszs.walbrzych.pl\/wp-content\/uploads\/2022\/11\/zz-1080x1080.jpg 1080w, https:\/\/zszs.walbrzych.pl\/zszs.walbrzych.pl\/wp-content\/uploads\/2022\/11\/zz.jpg 1385w\" sizes=\"auto, (max-width: 300px) 100vw, 300px\" \/> <img loading=\"lazy\" decoding=\"async\" class=\"alignnone size-medium wp-image-1090\" src=\"https:\/\/zszs.walbrzych.pl\/zszs.walbrzych.pl\/wp-content\/uploads\/2022\/11\/zzz-300x300.jpg\" alt=\"\" width=\"300\" height=\"300\" srcset=\"https:\/\/zszs.walbrzych.pl\/zszs.walbrzych.pl\/wp-content\/uploads\/2022\/11\/zzz-300x300.jpg 300w, https:\/\/zszs.walbrzych.pl\/zszs.walbrzych.pl\/wp-content\/uploads\/2022\/11\/zzz-1024x1024.jpg 1024w, https:\/\/zszs.walbrzych.pl\/zszs.walbrzych.pl\/wp-content\/uploads\/2022\/11\/zzz-150x150.jpg 150w, https:\/\/zszs.walbrzych.pl\/zszs.walbrzych.pl\/wp-content\/uploads\/2022\/11\/zzz-768x768.jpg 768w, https:\/\/zszs.walbrzych.pl\/zszs.walbrzych.pl\/wp-content\/uploads\/2022\/11\/zzz-1080x1080.jpg 1080w, https:\/\/zszs.walbrzych.pl\/zszs.walbrzych.pl\/wp-content\/uploads\/2022\/11\/zzz.jpg 1385w\" sizes=\"auto, (max-width: 300px) 100vw, 300px\" \/> <img loading=\"lazy\" decoding=\"async\" class=\"alignnone size-medium wp-image-1091\" src=\"https:\/\/zszs.walbrzych.pl\/zszs.walbrzych.pl\/wp-content\/uploads\/2022\/11\/zzzz-300x300.jpg\" alt=\"\" width=\"300\" height=\"300\" srcset=\"https:\/\/zszs.walbrzych.pl\/zszs.walbrzych.pl\/wp-content\/uploads\/2022\/11\/zzzz-300x300.jpg 300w, https:\/\/zszs.walbrzych.pl\/zszs.walbrzych.pl\/wp-content\/uploads\/2022\/11\/zzzz-1024x1024.jpg 1024w, https:\/\/zszs.walbrzych.pl\/zszs.walbrzych.pl\/wp-content\/uploads\/2022\/11\/zzzz-150x150.jpg 150w, https:\/\/zszs.walbrzych.pl\/zszs.walbrzych.pl\/wp-content\/uploads\/2022\/11\/zzzz-768x768.jpg 768w, https:\/\/zszs.walbrzych.pl\/zszs.walbrzych.pl\/wp-content\/uploads\/2022\/11\/zzzz-1080x1080.jpg 1080w, https:\/\/zszs.walbrzych.pl\/zszs.walbrzych.pl\/wp-content\/uploads\/2022\/11\/zzzz.jpg 1385w\" sizes=\"auto, (max-width: 300px) 100vw, 300px\" \/><\/p>\n<p><img loading=\"lazy\" decoding=\"async\" class=\"alignnone size-medium wp-image-1092\" src=\"https:\/\/zszs.walbrzych.pl\/zszs.walbrzych.pl\/wp-content\/uploads\/2022\/11\/zzzzz-300x300.jpg\" alt=\"\" width=\"300\" height=\"300\" srcset=\"https:\/\/zszs.walbrzych.pl\/zszs.walbrzych.pl\/wp-content\/uploads\/2022\/11\/zzzzz-300x300.jpg 300w, https:\/\/zszs.walbrzych.pl\/zszs.walbrzych.pl\/wp-content\/uploads\/2022\/11\/zzzzz-1024x1024.jpg 1024w, https:\/\/zszs.walbrzych.pl\/zszs.walbrzych.pl\/wp-content\/uploads\/2022\/11\/zzzzz-150x150.jpg 150w, https:\/\/zszs.walbrzych.pl\/zszs.walbrzych.pl\/wp-content\/uploads\/2022\/11\/zzzzz-768x768.jpg 768w, https:\/\/zszs.walbrzych.pl\/zszs.walbrzych.pl\/wp-content\/uploads\/2022\/11\/zzzzz-1080x1080.jpg 1080w, https:\/\/zszs.walbrzych.pl\/zszs.walbrzych.pl\/wp-content\/uploads\/2022\/11\/zzzzz.jpg 1385w\" sizes=\"auto, (max-width: 300px) 100vw, 300px\" \/> <img loading=\"lazy\" decoding=\"async\" class=\"alignnone size-medium wp-image-1093\" src=\"https:\/\/zszs.walbrzych.pl\/zszs.walbrzych.pl\/wp-content\/uploads\/2022\/11\/zzzzzzz-300x300.jpg\" alt=\"\" width=\"300\" height=\"300\" srcset=\"https:\/\/zszs.walbrzych.pl\/zszs.walbrzych.pl\/wp-content\/uploads\/2022\/11\/zzzzzzz-300x300.jpg 300w, https:\/\/zszs.walbrzych.pl\/zszs.walbrzych.pl\/wp-content\/uploads\/2022\/11\/zzzzzzz-1024x1024.jpg 1024w, https:\/\/zszs.walbrzych.pl\/zszs.walbrzych.pl\/wp-content\/uploads\/2022\/11\/zzzzzzz-150x150.jpg 150w, https:\/\/zszs.walbrzych.pl\/zszs.walbrzych.pl\/wp-content\/uploads\/2022\/11\/zzzzzzz-768x768.jpg 768w, https:\/\/zszs.walbrzych.pl\/zszs.walbrzych.pl\/wp-content\/uploads\/2022\/11\/zzzzzzz-1080x1080.jpg 1080w, https:\/\/zszs.walbrzych.pl\/zszs.walbrzych.pl\/wp-content\/uploads\/2022\/11\/zzzzzzz.jpg 1385w\" sizes=\"auto, (max-width: 300px) 100vw, 300px\" \/><\/p>\n<p>Koordynator -Olga Tatu\u015bko<\/p>\n","protected":false},"excerpt":{"rendered":"<p>Wyniki XX Mi\u0119dzyszkolnego Integracyjnego Konkursu Recytatorskiego &nbsp; XXV Dolno\u015bl\u0105ski Festiwal Nauki \u00a0 Wyniki XX Mi\u0119dzyszkolnego Integracyjnego Konkursu Recytatorskiego, kt\u00f3ry odby\u0142 si\u0119 28 pa\u017adziernika 2022r. &nbsp; Kategoria \u2013 szko\u0142a podstawowa klasy I-III I miejsce \u2013 Franciszek Chchol, ZSP nr 5 II miejsce \u2013 Dorota Korytkowska, PSP nr 28 III miejsce \u2013 \u0141ucja Wojtyna, ZSM Wyr\u00f3\u017cnienie \u2013 [&hellip;]<\/p>\n","protected":false},"author":2,"featured_media":0,"comment_status":"closed","ping_status":"closed","sticky":false,"template":"","format":"standard","meta":{"footnotes":""},"categories":[10,11,12,9,13],"tags":[],"class_list":["post-1085","post","type-post","status-publish","format-standard","hentry","category-dla-rodzicow","category-dla-uczniow","category-galeria","category-news","category-o-szkole"],"_links":{"self":[{"href":"https:\/\/zszs.walbrzych.pl\/zszs.walbrzych.pl\/wp-json\/wp\/v2\/posts\/1085","targetHints":{"allow":["GET"]}}],"collection":[{"href":"https:\/\/zszs.walbrzych.pl\/zszs.walbrzych.pl\/wp-json\/wp\/v2\/posts"}],"about":[{"href":"https:\/\/zszs.walbrzych.pl\/zszs.walbrzych.pl\/wp-json\/wp\/v2\/types\/post"}],"author":[{"embeddable":true,"href":"https:\/\/zszs.walbrzych.pl\/zszs.walbrzych.pl\/wp-json\/wp\/v2\/users\/2"}],"replies":[{"embeddable":true,"href":"https:\/\/zszs.walbrzych.pl\/zszs.walbrzych.pl\/wp-json\/wp\/v2\/comments?post=1085"}],"version-history":[{"count":3,"href":"https:\/\/zszs.walbrzych.pl\/zszs.walbrzych.pl\/wp-json\/wp\/v2\/posts\/1085\/revisions"}],"predecessor-version":[{"id":1096,"href":"https:\/\/zszs.walbrzych.pl\/zszs.walbrzych.pl\/wp-json\/wp\/v2\/posts\/1085\/revisions\/1096"}],"wp:attachment":[{"href":"https:\/\/zszs.walbrzych.pl\/zszs.walbrzych.pl\/wp-json\/wp\/v2\/media?parent=1085"}],"wp:term":[{"taxonomy":"category","embeddable":true,"href":"https:\/\/zszs.walbrzych.pl\/zszs.walbrzych.pl\/wp-json\/wp\/v2\/categories?post=1085"},{"taxonomy":"post_tag","embeddable":true,"href":"https:\/\/zszs.walbrzych.pl\/zszs.walbrzych.pl\/wp-json\/wp\/v2\/tags?post=1085"}],"curies":[{"name":"wp","href":"https:\/\/api.w.org\/{rel}","templated":true}]}}