{"id":1065,"date":"2022-08-29T17:56:35","date_gmt":"2022-08-29T17:56:35","guid":{"rendered":"https:\/\/zszs.walbrzych.pl\/zszs.walbrzych.pl\/?p=1065"},"modified":"2022-08-31T15:35:59","modified_gmt":"2022-08-31T15:35:59","slug":"rozpoczecie-roku-szkolnego","status":"publish","type":"post","link":"https:\/\/zszs.walbrzych.pl\/zszs.walbrzych.pl\/2022\/08\/29\/rozpoczecie-roku-szkolnego\/","title":{"rendered":"Rozpocz\u0119cie roku szkolnego"},"content":{"rendered":"<p>Serdecznie zapraszamy na uroczyste rozpocz\u0119cie roku szkolnego 1 wrze\u015bnia o godzinie 9.45. G\u0142owna uroczysto\u015b\u0107 odb\u0119dzie si\u0119 o godzinie 10.15 na Placu Magistrackim, na kt\u00f3ry udamy si\u0119 wsp\u00f3lnie spod szko\u0142y. Do zobaczenia<\/p>\n<p><img loading=\"lazy\" decoding=\"async\" class=\"alignnone size-medium wp-image-1066\" src=\"https:\/\/zszs.walbrzych.pl\/zszs.walbrzych.pl\/wp-content\/uploads\/2022\/08\/Rozpoczecie-roku-szkolnego-20222023-\u2014-kopia-300x213.png\" alt=\"\" width=\"300\" height=\"213\" srcset=\"https:\/\/zszs.walbrzych.pl\/zszs.walbrzych.pl\/wp-content\/uploads\/2022\/08\/Rozpoczecie-roku-szkolnego-20222023-\u2014-kopia-300x213.png 300w, https:\/\/zszs.walbrzych.pl\/zszs.walbrzych.pl\/wp-content\/uploads\/2022\/08\/Rozpoczecie-roku-szkolnego-20222023-\u2014-kopia-1024x726.png 1024w, https:\/\/zszs.walbrzych.pl\/zszs.walbrzych.pl\/wp-content\/uploads\/2022\/08\/Rozpoczecie-roku-szkolnego-20222023-\u2014-kopia-768x545.png 768w, https:\/\/zszs.walbrzych.pl\/zszs.walbrzych.pl\/wp-content\/uploads\/2022\/08\/Rozpoczecie-roku-szkolnego-20222023-\u2014-kopia-1536x1090.png 1536w, https:\/\/zszs.walbrzych.pl\/zszs.walbrzych.pl\/wp-content\/uploads\/2022\/08\/Rozpoczecie-roku-szkolnego-20222023-\u2014-kopia-400x284.png 400w, https:\/\/zszs.walbrzych.pl\/zszs.walbrzych.pl\/wp-content\/uploads\/2022\/08\/Rozpoczecie-roku-szkolnego-20222023-\u2014-kopia-1080x766.png 1080w, https:\/\/zszs.walbrzych.pl\/zszs.walbrzych.pl\/wp-content\/uploads\/2022\/08\/Rozpoczecie-roku-szkolnego-20222023-\u2014-kopia.png 1748w\" sizes=\"auto, (max-width: 300px) 100vw, 300px\" \/><\/p>\n","protected":false},"excerpt":{"rendered":"<p>Serdecznie zapraszamy na uroczyste rozpocz\u0119cie roku szkolnego 1 wrze\u015bnia o godzinie 9.45. G\u0142owna uroczysto\u015b\u0107 odb\u0119dzie si\u0119 o godzinie 10.15 na Placu Magistrackim, na kt\u00f3ry udamy si\u0119 wsp\u00f3lnie spod szko\u0142y. Do zobaczenia<\/p>\n","protected":false},"author":2,"featured_media":0,"comment_status":"closed","ping_status":"closed","sticky":false,"template":"","format":"standard","meta":{"footnotes":""},"categories":[10,11,12,9,13],"tags":[],"class_list":["post-1065","post","type-post","status-publish","format-standard","hentry","category-dla-rodzicow","category-dla-uczniow","category-galeria","category-news","category-o-szkole"],"_links":{"self":[{"href":"https:\/\/zszs.walbrzych.pl\/zszs.walbrzych.pl\/wp-json\/wp\/v2\/posts\/1065","targetHints":{"allow":["GET"]}}],"collection":[{"href":"https:\/\/zszs.walbrzych.pl\/zszs.walbrzych.pl\/wp-json\/wp\/v2\/posts"}],"about":[{"href":"https:\/\/zszs.walbrzych.pl\/zszs.walbrzych.pl\/wp-json\/wp\/v2\/types\/post"}],"author":[{"embeddable":true,"href":"https:\/\/zszs.walbrzych.pl\/zszs.walbrzych.pl\/wp-json\/wp\/v2\/users\/2"}],"replies":[{"embeddable":true,"href":"https:\/\/zszs.walbrzych.pl\/zszs.walbrzych.pl\/wp-json\/wp\/v2\/comments?post=1065"}],"version-history":[{"count":3,"href":"https:\/\/zszs.walbrzych.pl\/zszs.walbrzych.pl\/wp-json\/wp\/v2\/posts\/1065\/revisions"}],"predecessor-version":[{"id":1069,"href":"https:\/\/zszs.walbrzych.pl\/zszs.walbrzych.pl\/wp-json\/wp\/v2\/posts\/1065\/revisions\/1069"}],"wp:attachment":[{"href":"https:\/\/zszs.walbrzych.pl\/zszs.walbrzych.pl\/wp-json\/wp\/v2\/media?parent=1065"}],"wp:term":[{"taxonomy":"category","embeddable":true,"href":"https:\/\/zszs.walbrzych.pl\/zszs.walbrzych.pl\/wp-json\/wp\/v2\/categories?post=1065"},{"taxonomy":"post_tag","embeddable":true,"href":"https:\/\/zszs.walbrzych.pl\/zszs.walbrzych.pl\/wp-json\/wp\/v2\/tags?post=1065"}],"curies":[{"name":"wp","href":"https:\/\/api.w.org\/{rel}","templated":true}]}}